{"id":1887,"date":"2017-10-11T20:53:08","date_gmt":"2017-10-11T20:53:08","guid":{"rendered":"http:\/\/www.sindenfermeiro.com.br\/?p=1887"},"modified":"2026-04-29T15:33:55","modified_gmt":"2026-04-29T18:33:55","slug":"sindicatos-da-saude-e-ses-se-reunem-com-tcdf-por-jornada-de-18-horas","status":"publish","type":"post","link":"https:\/\/sindenfermeiro.com.br\/index.php\/2017\/10\/11\/sindicatos-da-saude-e-ses-se-reunem-com-tcdf-por-jornada-de-18-horas\/","title":{"rendered":"Sindicatos da Sa\u00fade e SES se re\u00fanem com TCDF por jornada de 18 horas"},"content":{"rendered":"<p style=\"text-align: justify\">Representantes do SindEnfermeiro, demais sindicatos e da Secretaria de Sa\u00fade (SES) reuniram-se, nessa quarta (11), com a presidente do Tribunal de Contas do Distrito Federal (TCDF), Anilc\u00e9ia Machado, com o objetivo de rever a suspens\u00e3o dos plant\u00f5es de 18 horas cont\u00ednuas. Sindicatos e SES pontuaram os riscos em que a decis\u00e3o do tribunal implica.<\/p>\n<p style=\"text-align: justify\">De acordo com o secret\u00e1rio adjunto de sa\u00fade, Ismael Alexandrino, 30% do contingente de funcion\u00e1rios da SES (entre enfermeiros, t\u00e9cnicos e m\u00e9dicos) trabalham em plant\u00f5es de 18h e a proibi\u00e7\u00e3o desse tipo de jornada acarretaria at\u00e9 na descontinuidade de alguns setores da assist\u00eancia prestada no Distrito Federal. &#8220;Se formos olhar, tem unidade &#8211; entre UTI, SAMU, pronto socorro, Centro Cir\u00fargico e Centro Obst\u00e9trico &#8211; que chega a 47% de servidores trabalhando em plant\u00f5es de 18h. Essa decis\u00e3o seria catastr\u00f3fica do ponto de vista da gest\u00e3o. J\u00e1 temos dificuldades o suficiente. Isso seria o caos instalado no DF&#8221;, afirmou Alexandrino.<\/p>\n<p>Nos pr\u00f3ximos dias, a Secretaria de Sa\u00fade seguir\u00e1 o rito do processo e entrar\u00e1 com recurso &#8211; atrav\u00e9s da Procuradoria-Geral do DF &#8211; para que o TCDF revise a decis\u00e3o, baseado no contexto pr\u00e1tico das unidades de sa\u00fade. A partir do momento em que o tribunal acatar a revis\u00e3o, a de proibi\u00e7\u00e3o da jornada de 18h fica suspensa, podendo assim, ser cumprida pelos servidores, at\u00e9 que haja uma solu\u00e7\u00e3o definitiva.<\/p>\n<p style=\"text-align: justify\">A presidente do TCDF, Anilc\u00e9ia Machado, considerou as coloca\u00e7\u00f5es dos sindicatos e da SES v\u00e1lidas, diante do momento atual vivido pela Sa\u00fade do Distrito Federal, e sinalizou com a inten\u00e7\u00e3o de buscar alternativas, dentro dos limites da lei.&#8221;Entendo que esse cen\u00e1rio vai dificultar muito. E esse n\u00e3o deve ser o prop\u00f3sito do tribunal. Diante da dificuldade, a gente tem que construir uma solu\u00e7\u00e3o&#8221;, disse.<\/p>\n<p><img loading=\"lazy\" decoding=\"async\" class=\"aligncenter size-full wp-image-1889\" src=\"http:\/\/www.sindenfermeiro.com.br\/wp-content\/uploads\/2017\/10\/MG_3539.jpg\" alt=\"\" width=\"3456\" height=\"2304\" \/><\/p>\n","protected":false},"excerpt":{"rendered":"<p>Representantes do SindEnfermeiro, demais sindicatos e da Secretaria de Sa\u00fade (SES) reuniram-se, nessa quarta (11), com a presidente do Tribunal de Contas do Distrito Federal (TCDF), Anilc\u00e9ia Machado, com o objetivo de rever a suspens\u00e3o dos plant\u00f5es de 18 horas cont\u00ednuas. Sindicatos e SES pontuaram os riscos em que a decis\u00e3o do tribunal implica. De [&hellip;]<\/p>\n","protected":false},"author":6,"featured_media":1888,"comment_status":"closed","ping_status":"closed","sticky":false,"template":"","format":"standard","meta":{"footnotes":""},"categories":[6,2],"tags":[],"class_list":["post-1887","post","type-post","status-publish","format-standard","has-post-thumbnail","hentry","category-noticias","category-teste"],"_links":{"self":[{"href":"https:\/\/sindenfermeiro.com.br\/index.php\/wp-json\/wp\/v2\/posts\/1887","targetHints":{"allow":["GET"]}}],"collection":[{"href":"https:\/\/sindenfermeiro.com.br\/index.php\/wp-json\/wp\/v2\/posts"}],"about":[{"href":"https:\/\/sindenfermeiro.com.br\/index.php\/wp-json\/wp\/v2\/types\/post"}],"author":[{"embeddable":true,"href":"https:\/\/sindenfermeiro.com.br\/index.php\/wp-json\/wp\/v2\/users\/6"}],"replies":[{"embeddable":true,"href":"https:\/\/sindenfermeiro.com.br\/index.php\/wp-json\/wp\/v2\/comments?post=1887"}],"version-history":[{"count":1,"href":"https:\/\/sindenfermeiro.com.br\/index.php\/wp-json\/wp\/v2\/posts\/1887\/revisions"}],"predecessor-version":[{"id":29470,"href":"https:\/\/sindenfermeiro.com.br\/index.php\/wp-json\/wp\/v2\/posts\/1887\/revisions\/29470"}],"wp:featuredmedia":[{"embeddable":true,"href":"https:\/\/sindenfermeiro.com.br\/index.php\/wp-json\/"}],"wp:attachment":[{"href":"https:\/\/sindenfermeiro.com.br\/index.php\/wp-json\/wp\/v2\/media?parent=1887"}],"wp:term":[{"taxonomy":"category","embeddable":true,"href":"https:\/\/sindenfermeiro.com.br\/index.php\/wp-json\/wp\/v2\/categories?post=1887"},{"taxonomy":"post_tag","embeddable":true,"href":"https:\/\/sindenfermeiro.com.br\/index.php\/wp-json\/wp\/v2\/tags?post=1887"}],"curies":[{"name":"wp","href":"https:\/\/api.w.org\/{rel}","templated":true}]}}