{"id":1880,"date":"2017-10-09T15:47:06","date_gmt":"2017-10-09T15:47:06","guid":{"rendered":"http:\/\/www.sindenfermeiro.com.br\/?p=1880"},"modified":"2026-04-29T15:32:31","modified_gmt":"2026-04-29T18:32:31","slug":"sindenfermeiro-coren-e-ses-esclarecem-liminar-sobre-solicitacao-de-exames","status":"publish","type":"post","link":"https:\/\/sindenfermeiro.com.br\/index.php\/2017\/10\/09\/sindenfermeiro-coren-e-ses-esclarecem-liminar-sobre-solicitacao-de-exames\/","title":{"rendered":"SindEnfermeiro, Coren e SES orientam enfermeiros a respeito da solicita\u00e7\u00e3o de exames"},"content":{"rendered":"<p style=\"text-align: justify\">O Conselho Regional de Enfermagem (Coren-DF), a Secretaria de Sa\u00fade (SES) e o Sindicato dos Enfermeiros do Distrito Federal, reuniram-se nesta segunda-feira, 09 de outubro, a fim de definir uma orienta\u00e7\u00e3o conjunta a respeito da compet\u00eancia do enfermeiro em solicitar exames. Essa atividade \u00e9 alvo da liminar em a\u00e7\u00e3o judicial movida pelo Conselho Federal de Medicina (CFM) contra a Portaria 2.488\/2011 do Minist\u00e9rio da Sa\u00fade. Com o objetivo de evitar disson\u00e2ncia no posicionamento de cada entidade e levar seguran\u00e7a aos profissionais de enfermagem e \u00e0 popula\u00e7\u00e3o, o Coren-DF, a SES e o SindEnfermeiro esclarecem que:<\/p>\n<p style=\"text-align: justify\">1) O Distrito Federal tem pol\u00edtica pr\u00f3pria de aten\u00e7\u00e3o prim\u00e1ria \u00e0 sa\u00fade \u2013 Portaria SES-DF 77\/2017, a qual n\u00e3o est\u00e1 subordinada \u00e0 antiga (Portaria 2.488\/2011) ou \u00e0 nova Pol\u00edtica Nacional de Aten\u00e7\u00e3o B\u00e1sica (Portaria 2.436\/2017) publicada pelo Minist\u00e9rio da Sa\u00fade. A pol\u00edtica nacional norteia a normativa distrital;<\/p>\n<p style=\"text-align: justify\">2) A Portaria SES-DF 218\/2012 regulamenta a prescri\u00e7\u00e3o de medicamentos e a solicita\u00e7\u00e3o de exames pelo enfermeiro que atua nos programas de sa\u00fade p\u00fablica do DF. Essa norma\u00a0est\u00e1 em conson\u00e2ncia com a decis\u00e3o judicial proferida pela 13\u00aa Vara da Justi\u00e7a Federal (processo 0026216-76.2013.4.01.0000\/DF), que confirmou tal compet\u00eancia do enfermeiro resguardada em lei;<\/p>\n<p style=\"text-align: justify\">3) Nesse sentido, a Lei 7.498\/1986 determina ser privativa de enfermeiro a consulta de enfermagem e a prescri\u00e7\u00e3o de medicamentos estabelecidos em programas de sa\u00fade p\u00fablica e em rotina aprovada pela institui\u00e7\u00e3o de sa\u00fade;<\/p>\n<p style=\"text-align: justify\">4) Ainda, o artigo 3\u00ba da Portaria 218\/2012 prev\u00ea que \u201ca prescri\u00e7\u00e3o de medicamentos e a solicita\u00e7\u00e3o e exames complementares pelo enfermeiro dever\u00e3o ser feitas em receitu\u00e1rio\/formul\u00e1rio padronizado da Secretaria de Estado de Sa\u00fade do DF, identificado com carimbo, n\u00famero da inscri\u00e7\u00e3o do Coren-DF, nome completo do profissional e respectiva assinatura\u201d;<\/p>\n<p style=\"text-align: justify\">5) Outra norma que respalda o exerc\u00edcio profissional do enfermeiro da aten\u00e7\u00e3o prim\u00e1ria da rede p\u00fablica, a Resolu\u00e7\u00e3o 195\/1997 do Conselho Federal de Enfermagem estabelece que compete ao enfermeiro a solicita\u00e7\u00e3o de exames de rotina e complementares, dentro dos protocolos assistenciais em vig\u00eancia;<\/p>\n<p style=\"text-align: justify\">6) A decis\u00e3o da 20\u00aa Vara Federal, referente \u00e0 a\u00e7\u00e3o movida pelo CFM, n\u00e3o impacta a efic\u00e1cia da Portaria 218\/2012 da Secretaria de Sa\u00fade;<\/p>\n<p style=\"text-align: justify\">Ante o exposto, conselho, secretaria e sindicato orientam que o enfermeiro pode desenvolver suas atribui\u00e7\u00f5es para requisitar exames no \u00e2mbito da aten\u00e7\u00e3o prim\u00e1ria, bem como prescrever medicamentos conforme protocolos vigentes da Secretaria de Sa\u00fade. As entidades ressaltam ainda que a atua\u00e7\u00e3o coesa e alinhada dos profissionais que comp\u00f5em a equipe multidisciplinar s\u00e3o a garantia do resultado das\u00a0a\u00e7\u00f5es do Sistema \u00danico de Sa\u00fade.<\/p>\n<p>&nbsp;<\/p>\n<p style=\"text-align: center\">DANIEL SEABRA RESENDE DE CASTRO CORREA<\/p>\n<p style=\"text-align: center\">Secret\u00e1rio adjunto de assist\u00eancia da SES-DF<\/p>\n<p>&nbsp;<\/p>\n<p style=\"text-align: center\">MARCUS VINICIUS QUITO<\/p>\n<p style=\"text-align: center\">Subsecret\u00e1rio de Vigil\u00e2ncia \u00e0 Sa\u00fade da SES-DF<\/p>\n<p>&nbsp;<\/p>\n<p style=\"text-align: center\">JOSETHE ROSE DA SILVA GON\u00c7ALVES<\/p>\n<p style=\"text-align: center\">Diretora de enfermagem da SES-DF<\/p>\n<p>&nbsp;<\/p>\n<p style=\"text-align: center\">LUCIANA MARTINS VERSIANI MOREIRA<\/p>\n<p style=\"text-align: center\">Diretora de \u00c1reas Estrat\u00e9gicas da Aten\u00e7\u00e3o Prim\u00e1ria da SES-DF<\/p>\n<p>&nbsp;<\/p>\n<p style=\"text-align: center\">LUCAS MARANI BAHIA DUCA<\/p>\n<p style=\"text-align: center\">Diretor de Organiza\u00e7\u00e3o de Servi\u00e7os de Aten\u00e7\u00e3o Prim\u00e1ria da SES-DF<\/p>\n<p>&nbsp;<\/p>\n<p style=\"text-align: center\">GILNEY GUERRA DE MEDEIROS<\/p>\n<p style=\"text-align: center\">Presidente do Coren-DF<\/p>\n<p>&nbsp;<\/p>\n<p style=\"text-align: center\">DAYSE AMAR\u00cdLIO DONETTS DINIZ<\/p>\n<p style=\"text-align: center\">Presidente do SindEnfermeiro-DF<\/p>\n<p>&nbsp;<\/p>\n","protected":false},"excerpt":{"rendered":"<p>O Conselho Regional de Enfermagem (Coren-DF), a Secretaria de Sa\u00fade (SES) e o Sindicato dos Enfermeiros do Distrito Federal, reuniram-se nesta segunda-feira, 09 de outubro, a fim de definir uma orienta\u00e7\u00e3o conjunta a respeito da compet\u00eancia do enfermeiro em solicitar exames. Essa atividade \u00e9 alvo da liminar em a\u00e7\u00e3o judicial movida pelo Conselho Federal de [&hellip;]<\/p>\n","protected":false},"author":6,"featured_media":1881,"comment_status":"closed","ping_status":"closed","sticky":false,"template":"","format":"standard","meta":{"footnotes":""},"categories":[6,2],"tags":[],"class_list":["post-1880","post","type-post","status-publish","format-standard","has-post-thumbnail","hentry","category-noticias","category-teste"],"_links":{"self":[{"href":"https:\/\/sindenfermeiro.com.br\/index.php\/wp-json\/wp\/v2\/posts\/1880","targetHints":{"allow":["GET"]}}],"collection":[{"href":"https:\/\/sindenfermeiro.com.br\/index.php\/wp-json\/wp\/v2\/posts"}],"about":[{"href":"https:\/\/sindenfermeiro.com.br\/index.php\/wp-json\/wp\/v2\/types\/post"}],"author":[{"embeddable":true,"href":"https:\/\/sindenfermeiro.com.br\/index.php\/wp-json\/wp\/v2\/users\/6"}],"replies":[{"embeddable":true,"href":"https:\/\/sindenfermeiro.com.br\/index.php\/wp-json\/wp\/v2\/comments?post=1880"}],"version-history":[{"count":1,"href":"https:\/\/sindenfermeiro.com.br\/index.php\/wp-json\/wp\/v2\/posts\/1880\/revisions"}],"predecessor-version":[{"id":25832,"href":"https:\/\/sindenfermeiro.com.br\/index.php\/wp-json\/wp\/v2\/posts\/1880\/revisions\/25832"}],"wp:featuredmedia":[{"embeddable":true,"href":"https:\/\/sindenfermeiro.com.br\/index.php\/wp-json\/"}],"wp:attachment":[{"href":"https:\/\/sindenfermeiro.com.br\/index.php\/wp-json\/wp\/v2\/media?parent=1880"}],"wp:term":[{"taxonomy":"category","embeddable":true,"href":"https:\/\/sindenfermeiro.com.br\/index.php\/wp-json\/wp\/v2\/categories?post=1880"},{"taxonomy":"post_tag","embeddable":true,"href":"https:\/\/sindenfermeiro.com.br\/index.php\/wp-json\/wp\/v2\/tags?post=1880"}],"curies":[{"name":"wp","href":"https:\/\/api.w.org\/{rel}","templated":true}]}}