{"id":1863,"date":"2017-10-06T16:33:36","date_gmt":"2017-10-06T16:33:36","guid":{"rendered":"http:\/\/www.sindenfermeiro.com.br\/?p=1863"},"modified":"2026-04-29T15:33:50","modified_gmt":"2026-04-29T18:33:50","slug":"sindenfermeiro-detecta-equivoco-de-juiz-ao-impedir-solicitacao-de-exames-na-atencao-primaria","status":"publish","type":"post","link":"https:\/\/sindenfermeiro.com.br\/index.php\/2017\/10\/06\/sindenfermeiro-detecta-equivoco-de-juiz-ao-impedir-solicitacao-de-exames-na-atencao-primaria\/","title":{"rendered":"SindEnfermeiro detecta equ\u00edvoco de juiz ao impedir solicita\u00e7\u00e3o de exames na Aten\u00e7\u00e3o Prim\u00e1ria"},"content":{"rendered":"<p style=\"text-align: justify\"><strong><em>Liminar em favor do Conselho Federal de Medicina foi baseada em lei ultrapassada<\/em> <\/strong><\/p>\n<p style=\"text-align: justify\">O Sindicato dos Enfermeiros do Distrito Federal (SindEnfermeiro-DF) constatou um equ\u00edvoco na liminar (<a href=\"http:\/\/www.sindenfermeiro.com.br\/wp-content\/uploads\/2017\/10\/decisao_portaria2488-1.pdf\">decisao_portaria2488 (1)<\/a>) que suspende a Portaria 2488\/11, do Minist\u00e9rio da Sa\u00fade e pro\u00edbe enfermeiros de solicitarem exames, no \u00e2mbito da Aten\u00e7\u00e3o Prim\u00e1ria \u00e0 Sa\u00fade.<\/p>\n<p style=\"text-align: justify\">A decis\u00e3o, concedida em 26 de setembro a favor do Conselho Federal de Medicina pela 20\u00aa Vara do Tribunal Regional Federal (1\u00aa Regi\u00e3o), foi baseada no Decreto Lei 50387, de 28 de mar\u00e7o de 1961.<\/p>\n<p style=\"text-align: justify\">No entanto, em contraponto ao decreto que fundamentou a decis\u00e3o do TRF &#8211; que corrobora para a submiss\u00e3o da enfermagem \u00e0 equipe m\u00e9dica, como mecanismo do cerceamento utilizado na ditadura militar -, a lei do exerc\u00edcio profissional vigente (7498\/86) &#8211; em seu artigo 8\u00ba, combinado com o Decreto 94.406\/87 &#8211; determina que \u00e9 privativo do enfermeiro, a atribui\u00e7\u00e3o de prescrever medicamentos previamente estabelecidos em programas de sa\u00fade p\u00fablica e em rotina aprovada pela institui\u00e7\u00e3o de sa\u00fade.<\/p>\n<p style=\"text-align: justify\">Cabe destacar que, dentro da hierarquia das normas, a lei do exerc\u00edcio profissional vigente (7498\/86) possui status superior ao Decreto utilizado na fundamenta\u00e7\u00e3o do ju\u00edz ao conceder a liminar.<\/p>\n<p style=\"text-align: justify\"><strong>Jurisprud\u00eancia<\/strong><\/p>\n<p style=\"text-align: justify\">\u00c0 Corte Especial do TRF (1\u00aa Regi\u00e3o), foi julgado (<a href=\"http:\/\/www.sindenfermeiro.com.br\/wp-content\/uploads\/2017\/10\/TRF-1.pdf\">TRF-1<\/a>), em maio de 2014, que \u00e9 permitido, aos enfermeiros, &#8220;solicitar exames de rotina e complementares&#8221;, al\u00e9m de &#8220;realizar a prescri\u00e7\u00e3o de medicamentos, desde que enquadrados nos protocolos dos Programas de Sa\u00fade P\u00fablica aprovados pela CPPAS (Comiss\u00e3o Permanente de Protocolos de Aten\u00e7\u00e3o \u00e0 Sa\u00fade) e adotados pela Secretaria de Estado de Sa\u00fade do DF&#8221;.<\/p>\n<p style=\"text-align: justify\"><strong>Resolu\u00e7\u00e3o do COFEN<\/strong><\/p>\n<p style=\"text-align: justify\">Resolu\u00e7\u00e3o (195\/97) do Conselho Federal de Enfermagem (COFEN), autoriza a solicita\u00e7\u00e3o de exames de rotina e complementares, pelo enfermeiro, quando no exerc\u00edcio de suas atividades profissionais.<\/p>\n<p style=\"text-align: justify\"><strong>Atendimento integral e multidisciplinar<\/strong><\/p>\n<p style=\"text-align: justify\">Visando refor\u00e7ar o atendimento integral e multidisciplinar ao paciente, o SindEnfermeiro-DF encaminha ao COFEN &#8211; atrav\u00e9s da Frente \u00danica da Enfermagem (tamb\u00e9m integrada pelo Conselho Regional e pelo Associa\u00e7\u00e3o Brasileira de Enfermagem) &#8211; a observa\u00e7\u00e3o do equ\u00edvoco cometido pelo TRF (1\u00aa Regi\u00e3o). O objetivo final dessa iniciativa \u00e9 o maior acesso ao servi\u00e7o de sa\u00fade e a maior resolu\u00e7\u00e3o dos problemas do paciente.<\/p>\n<p style=\"text-align: justify\">O Sindicato dos Enfermeiros do Distrito Federal coloca-se \u00e0 disposi\u00e7\u00e3o para contribuir no pleito, ressalvando, sempre, a capacidade t\u00e9cnica, cient\u00edfica e legal do enfermeiro para a solicita\u00e7\u00e3o de exames e prescri\u00e7\u00e3o medicamentos conforme a legisla\u00e7\u00e3o vigente e determina\u00e7\u00e3o do Conselho Federal de Enfermagem.<\/p>\n<p style=\"text-align: justify\">\n","protected":false},"excerpt":{"rendered":"<p>Liminar em favor do Conselho Federal de Medicina foi baseada em lei ultrapassada O Sindicato dos Enfermeiros do Distrito Federal (SindEnfermeiro-DF) constatou um equ\u00edvoco na liminar (decisao_portaria2488 (1)) que suspende a Portaria 2488\/11, do Minist\u00e9rio da Sa\u00fade e pro\u00edbe enfermeiros de solicitarem exames, no \u00e2mbito da Aten\u00e7\u00e3o Prim\u00e1ria \u00e0 Sa\u00fade. A decis\u00e3o, concedida em 26 [&hellip;]<\/p>\n","protected":false},"author":6,"featured_media":0,"comment_status":"closed","ping_status":"closed","sticky":false,"template":"","format":"standard","meta":{"footnotes":""},"categories":[6,2],"tags":[],"class_list":["post-1863","post","type-post","status-publish","format-standard","hentry","category-noticias","category-teste"],"_links":{"self":[{"href":"https:\/\/sindenfermeiro.com.br\/index.php\/wp-json\/wp\/v2\/posts\/1863","targetHints":{"allow":["GET"]}}],"collection":[{"href":"https:\/\/sindenfermeiro.com.br\/index.php\/wp-json\/wp\/v2\/posts"}],"about":[{"href":"https:\/\/sindenfermeiro.com.br\/index.php\/wp-json\/wp\/v2\/types\/post"}],"author":[{"embeddable":true,"href":"https:\/\/sindenfermeiro.com.br\/index.php\/wp-json\/wp\/v2\/users\/6"}],"replies":[{"embeddable":true,"href":"https:\/\/sindenfermeiro.com.br\/index.php\/wp-json\/wp\/v2\/comments?post=1863"}],"version-history":[{"count":1,"href":"https:\/\/sindenfermeiro.com.br\/index.php\/wp-json\/wp\/v2\/posts\/1863\/revisions"}],"predecessor-version":[{"id":32572,"href":"https:\/\/sindenfermeiro.com.br\/index.php\/wp-json\/wp\/v2\/posts\/1863\/revisions\/32572"}],"wp:attachment":[{"href":"https:\/\/sindenfermeiro.com.br\/index.php\/wp-json\/wp\/v2\/media?parent=1863"}],"wp:term":[{"taxonomy":"category","embeddable":true,"href":"https:\/\/sindenfermeiro.com.br\/index.php\/wp-json\/wp\/v2\/categories?post=1863"},{"taxonomy":"post_tag","embeddable":true,"href":"https:\/\/sindenfermeiro.com.br\/index.php\/wp-json\/wp\/v2\/tags?post=1863"}],"curies":[{"name":"wp","href":"https:\/\/api.w.org\/{rel}","templated":true}]}}