{"id":1860,"date":"2017-10-05T19:11:40","date_gmt":"2017-10-05T19:11:40","guid":{"rendered":"http:\/\/www.sindenfermeiro.com.br\/?p=1860"},"modified":"2026-04-29T15:31:15","modified_gmt":"2026-04-29T18:31:15","slug":"curso-vivenciando-a-comunicacao-nao-violenta","status":"publish","type":"post","link":"https:\/\/sindenfermeiro.com.br\/index.php\/2017\/10\/05\/curso-vivenciando-a-comunicacao-nao-violenta\/","title":{"rendered":"CURSO &#8211; VIVENCIANDO A COMUNICA\u00c7\u00c3O N\u00c3O VIOLENTA"},"content":{"rendered":"<p style=\"text-align: justify\">Enfermeiras e Enfermeiros,<\/p>\n<div class=\"text_exposed_show\">\n<p style=\"text-align: justify\">O curso \u201cVivenciando a comunica\u00e7\u00e3o n\u00e3o violenta\u201d apresenta ferramentas simples para melhorar as rela\u00e7\u00f5es e a qualidade de vida no trabalho, na fam\u00edlia, com amigos e em todos os demais ciclos de intera\u00e7\u00e3o social.<\/p>\n<p style=\"text-align: justify\">A Comunica\u00e7\u00e3o n\u00e3o violenta (CNV) \u00e9 um processo que inspira a\u00e7\u00e3o compassiva e solid\u00e1ria. A t\u00e9cnica trabalha suas emo\u00e7\u00f5es, valores e a capacidade de harmonizar, com empatia, necessidades particulares com as das pessoas com quem se relaciona.<\/p>\n<p style=\"text-align: justify\">O objetivo \u00e9 melhorar a qualidade das negocia\u00e7\u00f5es, em situa\u00e7\u00f5es de conflito, assim como propor estrat\u00e9gias de intera\u00e7\u00e3o para que todos os interessados sintam-se confort\u00e1veis com as alternativas propostas.<\/p>\n<p style=\"text-align: justify\">O curso &#8211; que possui conte\u00fados pr\u00e1ticos e te\u00f3ricos &#8211; \u00e9 oferecido pela enfermeira Edisa Lopes, em parceria com o Centro Popular de Forma\u00e7\u00e3o de Juventude, que atua na \u00e1rea de garantia de direitos e cultura de paz.<\/p>\n<p style=\"text-align: justify\">&#8212;<\/p>\n<p><strong>*** ENFERMEIROS POSSUEM DESCONTO\u00a0<\/strong><\/p>\n<p>Valor do curso: de R$ 450 por R$ 420 (em at\u00e9 3x)<\/p>\n<p>\u00c0 vista: de R$ 400 por R$ 370<\/p>\n<p><strong>PROMO\u00c7\u00c3O PARA PAGAMENTO AT\u00c9 DIA 9 DE OUTUBRO: R$ 330,00<\/strong><\/p>\n<p>&#8212;<\/p>\n<p><strong>DATA:<\/strong> 18 e 19 de Novembro<\/p>\n<p><strong>MAIS INFORMA\u00c7\u00d5ES<\/strong><\/p>\n<p><strong>EMAIL:<\/strong> edisavidaejuventude@gmail.com<br \/>\n<strong>TELEFONE:<\/strong> 98233-4535<\/p>\n<\/div>\n<p>&nbsp;<\/p>\n","protected":false},"excerpt":{"rendered":"<p>Enfermeiras e Enfermeiros, O curso \u201cVivenciando a comunica\u00e7\u00e3o n\u00e3o violenta\u201d apresenta ferramentas simples para melhorar as rela\u00e7\u00f5es e a qualidade de vida no trabalho, na fam\u00edlia, com amigos e em todos os demais ciclos de intera\u00e7\u00e3o social. A Comunica\u00e7\u00e3o n\u00e3o violenta (CNV) \u00e9 um processo que inspira a\u00e7\u00e3o compassiva e solid\u00e1ria. A t\u00e9cnica trabalha suas [&hellip;]<\/p>\n","protected":false},"author":6,"featured_media":0,"comment_status":"closed","ping_status":"closed","sticky":false,"template":"","format":"standard","meta":{"footnotes":""},"categories":[6,2],"tags":[],"class_list":["post-1860","post","type-post","status-publish","format-standard","hentry","category-noticias","category-teste"],"_links":{"self":[{"href":"https:\/\/sindenfermeiro.com.br\/index.php\/wp-json\/wp\/v2\/posts\/1860","targetHints":{"allow":["GET"]}}],"collection":[{"href":"https:\/\/sindenfermeiro.com.br\/index.php\/wp-json\/wp\/v2\/posts"}],"about":[{"href":"https:\/\/sindenfermeiro.com.br\/index.php\/wp-json\/wp\/v2\/types\/post"}],"author":[{"embeddable":true,"href":"https:\/\/sindenfermeiro.com.br\/index.php\/wp-json\/wp\/v2\/users\/6"}],"replies":[{"embeddable":true,"href":"https:\/\/sindenfermeiro.com.br\/index.php\/wp-json\/wp\/v2\/comments?post=1860"}],"version-history":[{"count":1,"href":"https:\/\/sindenfermeiro.com.br\/index.php\/wp-json\/wp\/v2\/posts\/1860\/revisions"}],"predecessor-version":[{"id":32569,"href":"https:\/\/sindenfermeiro.com.br\/index.php\/wp-json\/wp\/v2\/posts\/1860\/revisions\/32569"}],"wp:attachment":[{"href":"https:\/\/sindenfermeiro.com.br\/index.php\/wp-json\/wp\/v2\/media?parent=1860"}],"wp:term":[{"taxonomy":"category","embeddable":true,"href":"https:\/\/sindenfermeiro.com.br\/index.php\/wp-json\/wp\/v2\/categories?post=1860"},{"taxonomy":"post_tag","embeddable":true,"href":"https:\/\/sindenfermeiro.com.br\/index.php\/wp-json\/wp\/v2\/tags?post=1860"}],"curies":[{"name":"wp","href":"https:\/\/api.w.org\/{rel}","templated":true}]}}