{"id":1850,"date":"2017-10-04T16:06:39","date_gmt":"2017-10-04T16:06:39","guid":{"rendered":"http:\/\/www.sindenfermeiro.com.br\/?p=1850"},"modified":"2026-04-29T16:38:24","modified_gmt":"2026-04-29T19:38:24","slug":"audiencia-publica-solicita-lei-para-autonomia-do-samu","status":"publish","type":"post","link":"https:\/\/sindenfermeiro.com.br\/index.php\/2017\/10\/04\/audiencia-publica-solicita-lei-para-autonomia-do-samu\/","title":{"rendered":"Audi\u00eancia P\u00fablica reivindica lei para preserva\u00e7\u00e3o do SAMU"},"content":{"rendered":"<p style=\"text-align: justify\">Na \u00faltima ter\u00e7a (3), servidores do Servi\u00e7o de Atendimento M\u00f3vel de Urg\u00eancia do Distrito Federal (SAMU-DF) participaram de Audi\u00eancia P\u00fablica, realizada pela C\u00e2mara Legislativa, sobre o estado de sucateamento do servi\u00e7o, no DF. Durante a Audi\u00eancia, os deputados Joe Valle (PDT) e Celina Le\u00e3o (PPS), juntamente com um grupo t\u00e9cnico do SAMU e o Conselho de Sa\u00fade comprometeram-se com a elabora\u00e7\u00e3o de um projeto de lei que estabele\u00e7a a autonomia administrativa e financeira do SAMU para executar pol\u00edticas p\u00fablicas de sa\u00fade, referentes \u00e0s urg\u00eancias e emerg\u00eancias.<\/p>\n<p style=\"text-align: justify\">Profissionais expuseram a precariedade das condi\u00e7\u00f5es de trabalho, a falta de adequa\u00e7\u00e3o do servi\u00e7o \u00e0s normas estabelecidas pelo Minist\u00e9rio da Sa\u00fade e o preju\u00edzo causado pela atual gest\u00e3o da Secretaria de Sa\u00fade do DF aos cidad\u00e3os que precisam da assist\u00eancia prestada pelo SAMU.<\/p>\n<p style=\"text-align: justify\">Houve redu\u00e7\u00e3o de equipes nas USB (Unidades de Suporte B\u00e1sico), que eram compostas por 3 profissionais (1 condutor e 2 t\u00e9cnicos de enfermagem) e passaram a ser constitu\u00eddas por apenas 1 t\u00e9cnico e 1 condutor.<\/p>\n<p style=\"text-align: justify\">De acordo com o diretor do SindEnfermeiro, Adriano Lim\u00edrio, essa pol\u00edtica resulta em economia de &#8211; em termos de horas-extras &#8211; para a Secretaria de Sa\u00fade, mas significa preju\u00edzo para o atendimento prestado \u00c0 popula\u00e7\u00e3o.<\/p>\n<p style=\"text-align: justify\">&#8220;Em determinadas ocorr\u00eancias, o n\u00famero de socorristas envolvidos pode chegar at\u00e9 6 ou mais profissionais. Com isso, e diante de como tem funcionado, em diversas situa\u00e7\u00f5es, duas ou tr\u00eas equipes s\u00e3o desviadas para ocorr\u00eancias de maior complexidade. O que acontece \u00e9 que diminui o n\u00famero de atendimentos feito, ao todo, pelo SAMU&#8221;, alerta Lim\u00edrio.<\/p>\n<p style=\"text-align: justify\"><img loading=\"lazy\" decoding=\"async\" class=\"aligncenter size-full wp-image-1851\" src=\"http:\/\/www.sindenfermeiro.com.br\/wp-content\/uploads\/2017\/10\/adriano.png\" alt=\"adriano\" width=\"768\" height=\"359\" \/><\/p>\n<p style=\"text-align: justify\">O diretor do SindEnfermeiro tamb\u00e9m lembra que a suposta economia do GDF, que precariza a qualidade e a quantidades de atendimentos prestados pelo SAMU, pode causar danos irrevers\u00edveis aos usu\u00e1rios do sistema de sa\u00fade e que esse contexto acarreta em um preju\u00edzo maior ainda ao Estado e ao cidad\u00e3o.<\/p>\n<p style=\"text-align: justify\">&#8220;O paciente pode ficar com sequelas, em situa\u00e7\u00f5es mais graves. O tempo de UTI custa de 3 a 8 mil reais, entre rede p\u00fablica e privada. Se o cidad\u00e3o ficar sequelado, pode recorrer \u00e0 pens\u00e3o, que deve ser paga pelo Estado. O \u00f4nus previdenci\u00e1rio \u00e9 imensur\u00e1vel. \u00c9 um efeito cascata&#8221;, lembra.<\/p>\n<p>Outro representante do SindEnfermeiro presente na Audi\u00eancia, Marcio Da Mata disse que o sucateamento do SAMU \u00e9 &#8220;uma situa\u00e7\u00e3o que leva ao agravamento das pessoas que s\u00e3o atendidas pelo servi\u00e7o&#8221;. Da Mata refor\u00e7ou que o sindicato n\u00e3o medir\u00e1 esfor\u00e7os para preservar o atendimento m\u00f3vel de urg\u00eancia. &#8220;O Sindicato dos Enfermeiros tem como prioridade, a defesa do SAMU e n\u00f3s estamos prontos para impedir o desmonte do servi\u00e7o. Vamos enfrentar essa guerra juntos. Temos profissionais extremamente capacitados, somos um servi\u00e7o extremamente eficiente e prestamos uma a\u00e7\u00e3o de interesse coletivo \u00e0 popula\u00e7\u00e3o&#8221;, disse Da Mata.<\/p>\n<p><img loading=\"lazy\" decoding=\"async\" class=\"aligncenter size-full wp-image-1852\" src=\"http:\/\/www.sindenfermeiro.com.br\/wp-content\/uploads\/2017\/10\/marcio.png\" alt=\"marcio\" width=\"705\" height=\"346\" \/><\/p>\n<p style=\"text-align: justify\"><strong>Descaso <\/strong><\/p>\n<p style=\"text-align: justify\">A Secretaria de Sa\u00fade (SES) est\u00e1 desabilitada para receber repasses do Minist\u00e9rio da Sa\u00fade, por n\u00e3o cumprir, desde maio de 2015, recomenda\u00e7\u00f5es do \u00f3rg\u00e3o federal. Com isso, o SAMU-DF perde verbas que seriam destinadas \u00e0 manuten\u00e7\u00e3o e reestrutura\u00e7\u00e3o dos n\u00facleos de atendimento pr\u00e9-hospitalar e \u00e0 renova\u00e7\u00e3o das frotas, por exemplo.<\/p>\n<p style=\"text-align: justify\">Simultaneamente, Unidades de Suporte B\u00e1sico e Avan\u00e7ado tamb\u00e9m foram desabilitadas pelo Minist\u00e9rio da S\u00e1ude. Em fun\u00e7\u00e3o disso, o valor que o GDF deixa de receber do \u00f3rg\u00e3o federal, simplesmente por n\u00e3o cumprir as exig\u00eancias, \u00e9 de mais de 840 mil reais por m\u00eas.<\/p>\n<p style=\"text-align: justify\"><strong>Descredenciamento<\/strong><\/p>\n<p style=\"text-align: justify\">O corte de horas-extras e o atraso nos pagamentos geraram descontinuidade do trabalho do SAMU, que deve ser ininterrupto. A falta de manuten\u00e7\u00e3o das viaturas &#8211; atualmente, 55% da frota do DF possui mais de 300 mil quil\u00f4metros rodados &#8211; e dificuldade no abastecimento tamb\u00e9m implicaram no descredenciamento do Distrito Federal para recebimento da verba repassada pelo Minist\u00e9rio da Sa\u00fade.<\/p>\n<p style=\"text-align: justify\">Entre mar\u00e7o e abril desse ano, a n\u00e3o renova\u00e7\u00e3o da frota desencadeou a maior crise j\u00e1 vivida pelo Servi\u00e7o de Atendimento M\u00f3vel de Urg\u00eancia do Distrito Federal, onde 45 ambul\u00e2ncias &#8211; de um total de 67 &#8211; deixaram de circular.<\/p>\n<p><strong>Aus\u00eancia dos gestores<\/strong><\/p>\n<p>Os gestores do GDF e da Secretaria de Sa\u00fade foram convidados a participar da Audi\u00eancia. No entanto, nenhum representante esteve presente.<\/p>\n<p>&nbsp;<\/p>\n<p><img loading=\"lazy\" decoding=\"async\" class=\"aligncenter size-full wp-image-1853\" src=\"http:\/\/www.sindenfermeiro.com.br\/wp-content\/uploads\/2017\/10\/samu.jpg\" alt=\"samu\" width=\"1200\" height=\"630\" \/><\/p>\n","protected":false},"excerpt":{"rendered":"<p>Na \u00faltima ter\u00e7a (3), servidores do Servi\u00e7o de Atendimento M\u00f3vel de Urg\u00eancia do Distrito Federal (SAMU-DF) participaram de Audi\u00eancia P\u00fablica, realizada pela C\u00e2mara Legislativa, sobre o estado de sucateamento do servi\u00e7o, no DF. Durante a Audi\u00eancia, os deputados Joe Valle (PDT) e Celina Le\u00e3o (PPS), juntamente com um grupo t\u00e9cnico do SAMU e o Conselho [&hellip;]<\/p>\n","protected":false},"author":6,"featured_media":1853,"comment_status":"closed","ping_status":"closed","sticky":false,"template":"","format":"standard","meta":{"footnotes":""},"categories":[6,2],"tags":[],"class_list":["post-1850","post","type-post","status-publish","format-standard","has-post-thumbnail","hentry","category-noticias","category-teste"],"_links":{"self":[{"href":"https:\/\/sindenfermeiro.com.br\/index.php\/wp-json\/wp\/v2\/posts\/1850","targetHints":{"allow":["GET"]}}],"collection":[{"href":"https:\/\/sindenfermeiro.com.br\/index.php\/wp-json\/wp\/v2\/posts"}],"about":[{"href":"https:\/\/sindenfermeiro.com.br\/index.php\/wp-json\/wp\/v2\/types\/post"}],"author":[{"embeddable":true,"href":"https:\/\/sindenfermeiro.com.br\/index.php\/wp-json\/wp\/v2\/users\/6"}],"replies":[{"embeddable":true,"href":"https:\/\/sindenfermeiro.com.br\/index.php\/wp-json\/wp\/v2\/comments?post=1850"}],"version-history":[{"count":1,"href":"https:\/\/sindenfermeiro.com.br\/index.php\/wp-json\/wp\/v2\/posts\/1850\/revisions"}],"predecessor-version":[{"id":32568,"href":"https:\/\/sindenfermeiro.com.br\/index.php\/wp-json\/wp\/v2\/posts\/1850\/revisions\/32568"}],"wp:featuredmedia":[{"embeddable":true,"href":"https:\/\/sindenfermeiro.com.br\/index.php\/wp-json\/"}],"wp:attachment":[{"href":"https:\/\/sindenfermeiro.com.br\/index.php\/wp-json\/wp\/v2\/media?parent=1850"}],"wp:term":[{"taxonomy":"category","embeddable":true,"href":"https:\/\/sindenfermeiro.com.br\/index.php\/wp-json\/wp\/v2\/categories?post=1850"},{"taxonomy":"post_tag","embeddable":true,"href":"https:\/\/sindenfermeiro.com.br\/index.php\/wp-json\/wp\/v2\/tags?post=1850"}],"curies":[{"name":"wp","href":"https:\/\/api.w.org\/{rel}","templated":true}]}}