{"id":1843,"date":"2017-09-29T20:31:27","date_gmt":"2017-09-29T20:31:27","guid":{"rendered":"http:\/\/www.sindenfermeiro.com.br\/?p=1843"},"modified":"2026-04-29T15:33:30","modified_gmt":"2026-04-29T18:33:30","slug":"fuenf-apresenta-relatorio-sobre-caos-no-saude-ao-conselho-dos-direitos-da-crianca-e-do-adolescente","status":"publish","type":"post","link":"https:\/\/sindenfermeiro.com.br\/index.php\/2017\/09\/29\/fuenf-apresenta-relatorio-sobre-caos-no-saude-ao-conselho-dos-direitos-da-crianca-e-do-adolescente\/","title":{"rendered":"FUEnf apresenta relat\u00f3rio sobre caos no Sa\u00fade ao Conselho dos Direitos da Crian\u00e7a e do Adolescente"},"content":{"rendered":"<p style=\"text-align: justify\">Na \u00faltima ter\u00e7a (26), a Frente \u00danica da Enfermagem (FUEnf), juntamente com a deputada \u00c9rika Kokay (PT), reuniu-se com o Conselho dos Direitos da Crian\u00e7a e do Adolescente (CDCA) para apresentar o relat\u00f3rio do caos na assist\u00eancia aos rec\u00e9m-nascidos do Hospital Regional de Taguatinga (HRT). O relat\u00f3rio destaca os n\u00fameros reduzidos de recursos humanos e leitos de UTI neonatal para a devida assist\u00eancia<span class=\"text_exposed_show\">\u00a0\u00e0s crian\u00e7as.\u00a0<\/span><\/p>\n<p style=\"text-align: justify\"><span class=\"text_exposed_show\">O documento tamb\u00e9m destaca a lista de espera para especialidades pedi\u00e1tricas, que chega ao n\u00famero de 30 mil, em contexto que ainda conta com leitos gerais de UTI bloqueados em toda a rede de sa\u00fade do Distrito Federal.<br \/>\n<\/span><\/p>\n<p style=\"text-align: justify\"><img loading=\"lazy\" decoding=\"async\" class=\"aligncenter size-full wp-image-1844\" src=\"http:\/\/www.sindenfermeiro.com.br\/wp-content\/uploads\/2017\/09\/22042034_710888155773240_4707835997412645513_o.jpg\" alt=\"22042034_710888155773240_4707835997412645513_o\" width=\"2048\" height=\"1365\" \/><\/p>\n<p style=\"text-align: justify\"><span class=\"text_exposed_show\">Durante a reuni\u00e3o, ficou encaminhada a forma\u00e7\u00e3o de um um grupo de trabalho para mapear o acesso ao atendimento para crian\u00e7as e adolescentes, no DF, al\u00e9m de trabalhar pela contrata\u00e7\u00e3o de pessoal para suprir as demandas da rede.<br \/>\n<\/span><\/p>\n<p style=\"text-align: justify\"><span class=\"text_exposed_show\">O CDCA tamb\u00e9m firmou o compromisso, junto a FUEenf, de fiscalizar aplica\u00e7\u00e3o do OCA (Or\u00e7amento Crian\u00e7a e Adolescente) para assegurar que os recursos est\u00e3o sendo utilizados de maneira adequada.\u00a0<\/span><\/p>\n","protected":false},"excerpt":{"rendered":"<p>Na \u00faltima ter\u00e7a (26), a Frente \u00danica da Enfermagem (FUEnf), juntamente com a deputada \u00c9rika Kokay (PT), reuniu-se com o Conselho dos Direitos da Crian\u00e7a e do Adolescente (CDCA) para apresentar o relat\u00f3rio do caos na assist\u00eancia aos rec\u00e9m-nascidos do Hospital Regional de Taguatinga (HRT). O relat\u00f3rio destaca os n\u00fameros reduzidos de recursos humanos e [&hellip;]<\/p>\n","protected":false},"author":6,"featured_media":1844,"comment_status":"closed","ping_status":"closed","sticky":false,"template":"","format":"standard","meta":{"footnotes":""},"categories":[6,2],"tags":[],"class_list":["post-1843","post","type-post","status-publish","format-standard","has-post-thumbnail","hentry","category-noticias","category-teste"],"_links":{"self":[{"href":"https:\/\/sindenfermeiro.com.br\/index.php\/wp-json\/wp\/v2\/posts\/1843","targetHints":{"allow":["GET"]}}],"collection":[{"href":"https:\/\/sindenfermeiro.com.br\/index.php\/wp-json\/wp\/v2\/posts"}],"about":[{"href":"https:\/\/sindenfermeiro.com.br\/index.php\/wp-json\/wp\/v2\/types\/post"}],"author":[{"embeddable":true,"href":"https:\/\/sindenfermeiro.com.br\/index.php\/wp-json\/wp\/v2\/users\/6"}],"replies":[{"embeddable":true,"href":"https:\/\/sindenfermeiro.com.br\/index.php\/wp-json\/wp\/v2\/comments?post=1843"}],"version-history":[{"count":1,"href":"https:\/\/sindenfermeiro.com.br\/index.php\/wp-json\/wp\/v2\/posts\/1843\/revisions"}],"predecessor-version":[{"id":27149,"href":"https:\/\/sindenfermeiro.com.br\/index.php\/wp-json\/wp\/v2\/posts\/1843\/revisions\/27149"}],"wp:featuredmedia":[{"embeddable":true,"href":"https:\/\/sindenfermeiro.com.br\/index.php\/wp-json\/"}],"wp:attachment":[{"href":"https:\/\/sindenfermeiro.com.br\/index.php\/wp-json\/wp\/v2\/media?parent=1843"}],"wp:term":[{"taxonomy":"category","embeddable":true,"href":"https:\/\/sindenfermeiro.com.br\/index.php\/wp-json\/wp\/v2\/categories?post=1843"},{"taxonomy":"post_tag","embeddable":true,"href":"https:\/\/sindenfermeiro.com.br\/index.php\/wp-json\/wp\/v2\/tags?post=1843"}],"curies":[{"name":"wp","href":"https:\/\/api.w.org\/{rel}","templated":true}]}}