{"id":1830,"date":"2017-09-27T14:19:59","date_gmt":"2017-09-27T14:19:59","guid":{"rendered":"http:\/\/www.sindenfermeiro.com.br\/?p=1830"},"modified":"2026-04-29T15:31:23","modified_gmt":"2026-04-29T18:31:23","slug":"camara-aprova-reforma-previdenciaria-do-df","status":"publish","type":"post","link":"https:\/\/sindenfermeiro.com.br\/index.php\/2017\/09\/27\/camara-aprova-reforma-previdenciaria-do-df\/","title":{"rendered":"C\u00e2mara Legislativa aprova Reforma Previdenci\u00e1ria do DF"},"content":{"rendered":"<p>A C\u00e2mara Legislativa (CLDF) aprovou, em segundo turno, a reforma previdenci\u00e1ria do Distrito Federal. Em sess\u00e3o que durou cerca de 11 horas, 14 deputados votaram a favor do substitutivo que &#8211; assim como a proposta original (PLC 122\/17) &#8211; unifica os fundos que sustentam as aposentadorias de servidores p\u00fablicos do DF. O placar da vota\u00e7\u00e3o foi de 14 (favor\u00e1veis) a 8 (contra) e duas aus\u00eancias.<\/p>\n<p style=\"text-align: justify\">A sess\u00e3o foi pontuada por protestos. De um lado, servidores contra a decad\u00eancia da aposentadoria p\u00fablica. Em contraponto, havia o apoio \u00e0 aprova\u00e7\u00e3o, por parte de comissionados que chegaram \u00e0 C\u00e2mara em \u00f4nibus fretados pelo GDF.<\/p>\n<p style=\"text-align: justify\"><img loading=\"lazy\" decoding=\"async\" class=\"aligncenter size-full wp-image-1833\" src=\"http:\/\/www.sindenfermeiro.com.br\/wp-content\/uploads\/2017\/09\/MG_2282.jpg\" alt=\"_MG_2282\" width=\"6000\" height=\"4000\" \/><\/p>\n<p style=\"text-align: justify\"><strong>Debate<\/strong><\/p>\n<p style=\"text-align: justify\">Agaciel Maia (PR), l\u00edder do governo, retirou o substitutivo de sua autoria da pauta e defendeu a vota\u00e7\u00e3o do texto proposto pelo presidente da Casa, Joe Valle (PDT). De acordo com Agaciel, o texto de Joe &#8220;convenceu mais os deputados&#8221; do que as demais alternativas. Al\u00e9m da proposta aprovada, outro 3 textos (original e 2 alternativos) tramitavam na Casa.<\/p>\n<p style=\"text-align: justify\">O substitutivo alavancado pelo presindente da C\u00e2mara estabelece o Fundo Solid\u00e1rio Garantidor. O que funcionar\u00e1, de acordo com Joe Valle, com uma seguran\u00e7a, em casos de falta de recursos previdenci\u00e1rios.<\/p>\n<p style=\"text-align: justify\">Mesmo com a retirada do texto de autoria do l\u00edder de Governo, a sess\u00e3o foi marcada por pondera\u00e7\u00f5es de deputados que avaliavam n\u00e3o ter as condi\u00e7\u00f5es ideais para votar a proposta. O pr\u00f3prio presidente da C\u00e2mara e autor do substitutivo que seria votado, deputado Joe Valle, pediu mais tempo para an\u00e1lise. &#8220;Eu n\u00e3o estou seguro no dia de hoje. Pe\u00e7o mais duas semanas para discuss\u00e3o&#8221;, disse.<\/p>\n<p style=\"text-align: justify\"><img loading=\"lazy\" decoding=\"async\" class=\"aligncenter size-full wp-image-1832\" src=\"http:\/\/www.sindenfermeiro.com.br\/wp-content\/uploads\/2017\/09\/MG_2233.jpg\" alt=\"_MG_2233\" width=\"6000\" height=\"4000\" \/><\/p>\n<p style=\"text-align: justify\">O deputado Claudio Abrantes (sem partido) lembrou que os parlamentares votariam um projeto que teria &#8220;impacto sobre o setor produtivo, a economia do DF e um impacto social profundo, principalmente, sobre massas de trabalhos que dedicam seus sonhos baseados na aposentadoria&#8221;. Abrantes destacou tamb\u00e9m que a proposta do governador Rodrigo Rollemberg \u00e9 &#8220;t\u00e3o grave&#8221; que, o pr\u00f3prio governador &#8220;\u00e9 categ\u00f3rico ao dizer que n\u00e3o resolve o problema e que, daqui a dois governos, vai ser necess\u00e1rio discutir novamente&#8221;.<\/p>\n<p style=\"text-align: justify\">No entanto, o presidente da Casa colocou seu substitutivo em vota\u00e7\u00e3o, alegando respeito ao acordo de l\u00edderes feito no dia anterior. Deputados de oposi\u00e7\u00e3o contestaram a iniciativa quando se depararam com emendas inclu\u00eddas, \u00e0s pressas, pela base do Governo e que n\u00e3o constavam no texto a ser votado. Entretanto, depois de uma breve interrup\u00e7\u00e3o para que os parlamentares tivessem acesso \u00e0s emendas, a vota\u00e7\u00e3o prosseguiu.<\/p>\n<p style=\"text-align: justify\"><strong>Vota\u00e7\u00e3o<\/strong><\/p>\n<p style=\"text-align: justify\">Durante a sess\u00e3o, 3 comiss\u00f5es deram seu parecer sobre a proposta. Ao todo, 46 emendas foram analisadas em plen\u00e1rio.<\/p>\n<p style=\"text-align: justify\">\u00c0s 1h30, a C\u00e2mara Legislativa aprovou a unifica\u00e7\u00e3o dos fundos previdenci\u00e1rios do DF. Com isso, o fundo que sustenta a aposentadoria de servidores que ingressaram at\u00e9 2007 (considerado deficit\u00e1rio) se une ao fundo que aporta a previd\u00eancia de funcion\u00e1rios p\u00fablicos que ingressaram no servi\u00e7o ap\u00f3s o ano de 2007 (esse, avaliado com R$ 3 bilh\u00f5es de super\u00e1vit).<\/p>\n<div id=\"attachment_1834\" style=\"width: 6010px\" class=\"wp-caption aligncenter\"><img loading=\"lazy\" decoding=\"async\" aria-describedby=\"caption-attachment-1834\" class=\"size-full wp-image-1834\" src=\"http:\/\/www.sindenfermeiro.com.br\/wp-content\/uploads\/2017\/09\/MG_2335.jpg\" alt=\"Diretoria do SindEnfermeiro se coloca contra o projeto, diante dos parlamentares e do Chefe da Casa Civil, S\u00e9rgio Sampaio (dir.)\" width=\"6000\" height=\"4000\" \/><p id=\"caption-attachment-1834\" class=\"wp-caption-text\"><em>Diretoria do SindEnfermeiro se coloca contra o projeto, diante dos parlamentares e do Chefe da Casa Civil, S\u00e9rgio Sampaio (dir.)<\/em><\/p><\/div>\n<p style=\"text-align: justify\"><strong>Na Justi\u00e7a<\/strong><\/p>\n<p style=\"text-align: justify\">O qu\u00f3rum da vota\u00e7\u00e3o que aprovou a unifica\u00e7\u00e3o dos fundos ainda est\u00e1 em avalia\u00e7\u00e3o pelo do Tribunal de Justi\u00e7a do DF e dos Territ\u00f3rios (TJDFT).<\/p>\n<p style=\"text-align: justify\">Um mandado de seguran\u00e7a foi impetrado pelo deputado Claudio Abrantes, argumentando que, em mat\u00e9rias tribut\u00e1rias ou previdenci\u00e1rias, s\u00e3o necess\u00e1rios 16 votos para aprova\u00e7\u00e3o. E n\u00e3o 13, como o GDF alegou e, assim, foi posto em pr\u00e1tica pela C\u00e2mara.<\/p>\n","protected":false},"excerpt":{"rendered":"<p>A C\u00e2mara Legislativa (CLDF) aprovou, em segundo turno, a reforma previdenci\u00e1ria do Distrito Federal. Em sess\u00e3o que durou cerca de 11 horas, 14 deputados votaram a favor do substitutivo que &#8211; assim como a proposta original (PLC 122\/17) &#8211; unifica os fundos que sustentam as aposentadorias de servidores p\u00fablicos do DF. O placar da vota\u00e7\u00e3o [&hellip;]<\/p>\n","protected":false},"author":6,"featured_media":1833,"comment_status":"closed","ping_status":"closed","sticky":false,"template":"","format":"standard","meta":{"footnotes":""},"categories":[6,2],"tags":[],"class_list":["post-1830","post","type-post","status-publish","format-standard","has-post-thumbnail","hentry","category-noticias","category-teste"],"_links":{"self":[{"href":"https:\/\/sindenfermeiro.com.br\/index.php\/wp-json\/wp\/v2\/posts\/1830","targetHints":{"allow":["GET"]}}],"collection":[{"href":"https:\/\/sindenfermeiro.com.br\/index.php\/wp-json\/wp\/v2\/posts"}],"about":[{"href":"https:\/\/sindenfermeiro.com.br\/index.php\/wp-json\/wp\/v2\/types\/post"}],"author":[{"embeddable":true,"href":"https:\/\/sindenfermeiro.com.br\/index.php\/wp-json\/wp\/v2\/users\/6"}],"replies":[{"embeddable":true,"href":"https:\/\/sindenfermeiro.com.br\/index.php\/wp-json\/wp\/v2\/comments?post=1830"}],"version-history":[{"count":1,"href":"https:\/\/sindenfermeiro.com.br\/index.php\/wp-json\/wp\/v2\/posts\/1830\/revisions"}],"predecessor-version":[{"id":32595,"href":"https:\/\/sindenfermeiro.com.br\/index.php\/wp-json\/wp\/v2\/posts\/1830\/revisions\/32595"}],"wp:featuredmedia":[{"embeddable":true,"href":"https:\/\/sindenfermeiro.com.br\/index.php\/wp-json\/"}],"wp:attachment":[{"href":"https:\/\/sindenfermeiro.com.br\/index.php\/wp-json\/wp\/v2\/media?parent=1830"}],"wp:term":[{"taxonomy":"category","embeddable":true,"href":"https:\/\/sindenfermeiro.com.br\/index.php\/wp-json\/wp\/v2\/categories?post=1830"},{"taxonomy":"post_tag","embeddable":true,"href":"https:\/\/sindenfermeiro.com.br\/index.php\/wp-json\/wp\/v2\/tags?post=1830"}],"curies":[{"name":"wp","href":"https:\/\/api.w.org\/{rel}","templated":true}]}}