{"id":1826,"date":"2017-09-18T14:30:42","date_gmt":"2017-09-18T14:30:42","guid":{"rendered":"http:\/\/www.sindenfermeiro.com.br\/?p=1826"},"modified":"2026-04-29T15:31:25","modified_gmt":"2026-04-29T18:31:25","slug":"assembleia-de-prestacao-de-contas-ano-2016","status":"publish","type":"post","link":"https:\/\/sindenfermeiro.com.br\/index.php\/2017\/09\/18\/assembleia-de-prestacao-de-contas-ano-2016\/","title":{"rendered":"Assembleia de Presta\u00e7\u00e3o de contas: Ano 2016"},"content":{"rendered":"<p>Aten\u00e7\u00e3o enfermeiras e enfermeiros do Distrito Federal!<\/p>\n<p>Amanh\u00e3 dia 19 de setembro (ter\u00e7a), \u00e0s 19h, o SindEnfermeiro realiza Assembleia Geral Extraordin\u00e1ria.<\/p>\n<p>LOCAL: SindEnfermeiro\/DF: Asa Norte 714, Bloco-H Loja 02<\/p>\n<p>PAUTA: Presta\u00e7\u00e3o de Contas: Ano 2016<\/p>\n<p>Esperamos por todos voc\u00eas!<\/p>\n<p><img loading=\"lazy\" decoding=\"async\" class=\"aligncenter size-full wp-image-1827\" src=\"http:\/\/www.sindenfermeiro.com.br\/wp-content\/uploads\/2017\/09\/PRESTA\u00c7\u00c3O-DE-CONTAS-3.jpg\" alt=\"PRESTA\u00c7\u00c3O DE CONTAS 3\" width=\"1480\" height=\"714\" \/><\/p>\n","protected":false},"excerpt":{"rendered":"<p>Aten\u00e7\u00e3o enfermeiras e enfermeiros do Distrito Federal! Amanh\u00e3 dia 19 de setembro (ter\u00e7a), \u00e0s 19h, o SindEnfermeiro realiza Assembleia Geral Extraordin\u00e1ria. LOCAL: SindEnfermeiro\/DF: Asa Norte 714, Bloco-H Loja 02 PAUTA: Presta\u00e7\u00e3o de Contas: Ano 2016 Esperamos por todos voc\u00eas!<\/p>\n","protected":false},"author":6,"featured_media":1827,"comment_status":"closed","ping_status":"closed","sticky":false,"template":"","format":"standard","meta":{"footnotes":""},"categories":[6,2],"tags":[],"class_list":["post-1826","post","type-post","status-publish","format-standard","has-post-thumbnail","hentry","category-noticias","category-teste"],"_links":{"self":[{"href":"https:\/\/sindenfermeiro.com.br\/index.php\/wp-json\/wp\/v2\/posts\/1826","targetHints":{"allow":["GET"]}}],"collection":[{"href":"https:\/\/sindenfermeiro.com.br\/index.php\/wp-json\/wp\/v2\/posts"}],"about":[{"href":"https:\/\/sindenfermeiro.com.br\/index.php\/wp-json\/wp\/v2\/types\/post"}],"author":[{"embeddable":true,"href":"https:\/\/sindenfermeiro.com.br\/index.php\/wp-json\/wp\/v2\/users\/6"}],"replies":[{"embeddable":true,"href":"https:\/\/sindenfermeiro.com.br\/index.php\/wp-json\/wp\/v2\/comments?post=1826"}],"version-history":[{"count":1,"href":"https:\/\/sindenfermeiro.com.br\/index.php\/wp-json\/wp\/v2\/posts\/1826\/revisions"}],"predecessor-version":[{"id":32861,"href":"https:\/\/sindenfermeiro.com.br\/index.php\/wp-json\/wp\/v2\/posts\/1826\/revisions\/32861"}],"wp:featuredmedia":[{"embeddable":true,"href":"https:\/\/sindenfermeiro.com.br\/index.php\/wp-json\/"}],"wp:attachment":[{"href":"https:\/\/sindenfermeiro.com.br\/index.php\/wp-json\/wp\/v2\/media?parent=1826"}],"wp:term":[{"taxonomy":"category","embeddable":true,"href":"https:\/\/sindenfermeiro.com.br\/index.php\/wp-json\/wp\/v2\/categories?post=1826"},{"taxonomy":"post_tag","embeddable":true,"href":"https:\/\/sindenfermeiro.com.br\/index.php\/wp-json\/wp\/v2\/tags?post=1826"}],"curies":[{"name":"wp","href":"https:\/\/api.w.org\/{rel}","templated":true}]}}