{"id":1818,"date":"2017-09-05T19:42:44","date_gmt":"2017-09-05T19:42:44","guid":{"rendered":"http:\/\/www.sindenfermeiro.com.br\/?p=1818"},"modified":"2026-04-29T15:32:21","modified_gmt":"2026-04-29T18:32:21","slug":"na-camara-projeto-que-unifica-fundos-de-previdencia-e-retirado-de-pauta","status":"publish","type":"post","link":"https:\/\/sindenfermeiro.com.br\/index.php\/2017\/09\/05\/na-camara-projeto-que-unifica-fundos-de-previdencia-e-retirado-de-pauta\/","title":{"rendered":"Na C\u00e2mara, projeto que unifica fundos de previd\u00eancia \u00e9 retirado de pauta"},"content":{"rendered":"<p style=\"text-align: justify\">O projeto de unifica\u00e7\u00e3o dos fundos previdenci\u00e1rios que sustentam as aposentadorias no Distrito Federal (PLC 122\/2017) foi retirado de pauta, na C\u00e2mara Legislativa (CLDF).<\/p>\n<p style=\"text-align: justify\">O presidente da Casa, deputado Joe Valle (PDT) anunciou a retirada ap\u00f3s a publica\u00e7\u00e3o de liminar do Tribunal de Justi\u00e7a do DF (TJDFT), que acatou mandato de seguran\u00e7a impetrado pelos deputados Ricardo Vale (PT) e Wasny de Roure (PT). Joe Valle, no entanto, criticou a interfer\u00eancia do Judici\u00e1rio, nos trabalho da C\u00e2mara. O deputado gostaria de votar a proposta hoje, apesar de declarar que \u00e9 contra o projeto do GDF.<\/p>\n<p style=\"text-align: justify\">Wellington Luiz (PMDB) tamb\u00e9m se posicionou contra a interven\u00e7\u00e3o do TJDFT. &#8220;O ideal \u00e9 que ele fosse \u00e0 vota\u00e7\u00e3o e que sequer pudesse voltar mais. Estamos impedidos por uma interfer\u00eancia judicial. A decis\u00e3o n\u00e3o nos favorece. Simplesmente protela isso&#8221;, disse Wellington Luiz.<\/p>\n<p style=\"text-align: justify\"><img loading=\"lazy\" decoding=\"async\" class=\"aligncenter size-full wp-image-1819\" src=\"http:\/\/www.sindenfermeiro.com.br\/wp-content\/uploads\/2017\/09\/MG_3022.jpg\" alt=\"_MG_3022\" width=\"3456\" height=\"2304\" \/><\/p>\n<p style=\"text-align: justify\"><em>Mais informa\u00e7\u00f5es em breve<\/em><\/p>\n","protected":false},"excerpt":{"rendered":"<p>O projeto de unifica\u00e7\u00e3o dos fundos previdenci\u00e1rios que sustentam as aposentadorias no Distrito Federal (PLC 122\/2017) foi retirado de pauta, na C\u00e2mara Legislativa (CLDF). O presidente da Casa, deputado Joe Valle (PDT) anunciou a retirada ap\u00f3s a publica\u00e7\u00e3o de liminar do Tribunal de Justi\u00e7a do DF (TJDFT), que acatou mandato de seguran\u00e7a impetrado pelos deputados [&hellip;]<\/p>\n","protected":false},"author":6,"featured_media":1819,"comment_status":"closed","ping_status":"closed","sticky":false,"template":"","format":"standard","meta":{"footnotes":""},"categories":[6,2],"tags":[],"class_list":["post-1818","post","type-post","status-publish","format-standard","has-post-thumbnail","hentry","category-noticias","category-teste"],"_links":{"self":[{"href":"https:\/\/sindenfermeiro.com.br\/index.php\/wp-json\/wp\/v2\/posts\/1818","targetHints":{"allow":["GET"]}}],"collection":[{"href":"https:\/\/sindenfermeiro.com.br\/index.php\/wp-json\/wp\/v2\/posts"}],"about":[{"href":"https:\/\/sindenfermeiro.com.br\/index.php\/wp-json\/wp\/v2\/types\/post"}],"author":[{"embeddable":true,"href":"https:\/\/sindenfermeiro.com.br\/index.php\/wp-json\/wp\/v2\/users\/6"}],"replies":[{"embeddable":true,"href":"https:\/\/sindenfermeiro.com.br\/index.php\/wp-json\/wp\/v2\/comments?post=1818"}],"version-history":[{"count":1,"href":"https:\/\/sindenfermeiro.com.br\/index.php\/wp-json\/wp\/v2\/posts\/1818\/revisions"}],"predecessor-version":[{"id":37404,"href":"https:\/\/sindenfermeiro.com.br\/index.php\/wp-json\/wp\/v2\/posts\/1818\/revisions\/37404"}],"wp:featuredmedia":[{"embeddable":true,"href":"https:\/\/sindenfermeiro.com.br\/index.php\/wp-json\/"}],"wp:attachment":[{"href":"https:\/\/sindenfermeiro.com.br\/index.php\/wp-json\/wp\/v2\/media?parent=1818"}],"wp:term":[{"taxonomy":"category","embeddable":true,"href":"https:\/\/sindenfermeiro.com.br\/index.php\/wp-json\/wp\/v2\/categories?post=1818"},{"taxonomy":"post_tag","embeddable":true,"href":"https:\/\/sindenfermeiro.com.br\/index.php\/wp-json\/wp\/v2\/tags?post=1818"}],"curies":[{"name":"wp","href":"https:\/\/api.w.org\/{rel}","templated":true}]}}