{"id":1803,"date":"2017-08-30T20:57:15","date_gmt":"2017-08-30T20:57:15","guid":{"rendered":"http:\/\/www.sindenfermeiro.com.br\/?p=1803"},"modified":"2026-04-29T14:24:49","modified_gmt":"2026-04-29T17:24:49","slug":"saiba-como-foi-assembleia-geral-extraordinaria","status":"publish","type":"post","link":"https:\/\/sindenfermeiro.com.br\/index.php\/2017\/08\/30\/saiba-como-foi-assembleia-geral-extraordinaria\/","title":{"rendered":"Saiba como foi: Assembleia Geral Extraordin\u00e1ria"},"content":{"rendered":"<p style=\"text-align: justify\">Na \u00faltima ter\u00e7a (29), o SindEnfermeiro realizou Assembleia Geral Extraordin\u00e1ria, no Clube da Sa\u00fade, para tratar de temas como o an\u00fancio de parcelamento de sal\u00e1rios pelo governador Rodrigo Rollemberg (PSB), o Baile dos Enfermeiros de 2017, a filia\u00e7\u00e3o \u00e0 Federa\u00e7\u00e3o Nacional dos Enfermeiros (FNE) e a escolha de delegados para o congresso da CSP &#8211; Conlutas.<\/p>\n<p style=\"text-align: justify\">Em tramita\u00e7\u00e3o na C\u00e2mara Legislativa do Distrito Federal (CLDF), o Projeto de Lei 122\/2017, que cria regime complementar e limita a aposentadoria dos futuros servidores p\u00fablicos ao teto do INSS tamb\u00e9m foi abordado na reuni\u00e3o.<\/p>\n<p style=\"text-align: justify\"><img loading=\"lazy\" decoding=\"async\" class=\"aligncenter size-full wp-image-1808\" src=\"http:\/\/www.sindenfermeiro.com.br\/wp-content\/uploads\/2017\/08\/MG_1946.CR2_.jpg\" alt=\"_MG_1946.CR2\" width=\"4898\" height=\"3265\" \/><\/p>\n<p style=\"text-align: justify\"><strong>Parcelamento de sal\u00e1rio<\/strong><\/p>\n<p style=\"text-align: justify\">Durante a assembleia, a diretoria do SindEnfermeiro comunicou a expedi\u00e7\u00e3o de of\u00edcio \u00e0 Secretaria de Fazenda, solicitando esclarecimentos a respeito do an\u00fancio &#8211; por Rollemberg &#8211; de um poss\u00edvel parcelamento de sal\u00e1rio dos servidores p\u00fablicos, em setembro. At\u00e9 ent\u00e3o, a secretaria n\u00e3o respondeu ao sindicato.<\/p>\n<p style=\"text-align: justify\">No entanto, o departamento jur\u00eddico do SindEnfermeiro esclareceu que o pagamento deve ser feito normalmente e que, caso haja possibilidade real de um parcelamento futuro, o sindicato entrar\u00e1 com um Mandado de Seguran\u00e7a preventivo, no objetivo de evitar a medida do GDF.<\/p>\n<p style=\"text-align: justify\">De acordo com o departamento jur\u00eddico do sindicato, iniciativas como essas j\u00e1 foram bem sucedidas em outros estados.<\/p>\n<p style=\"text-align: justify\"><img loading=\"lazy\" decoding=\"async\" class=\"aligncenter size-full wp-image-1807\" src=\"http:\/\/www.sindenfermeiro.com.br\/wp-content\/uploads\/2017\/08\/MG_1926.CR2_.jpg\" alt=\"_MG_1926.CR2\" width=\"4898\" height=\"3265\" \/><\/p>\n<p style=\"text-align: justify\"><strong>Aposentadoria de futuros servidores<\/strong><\/p>\n<p style=\"text-align: justify\">Tarc\u00edsio Faria, diretor financeiro do sindicato, esclareceu o andamento do Projeto de Lei (122\/2017) que cria regime complementar e limita a aposentadoria dos futuros servidores p\u00fablicos ao teto do INSS. A proposta, que est\u00e1 em tramita\u00e7\u00e3o na C\u00e2mara Legislalativa do Distrito Federal (CLDF), tamb\u00e9m prev\u00ea a unifica\u00e7\u00e3o do Fundo Financeiro de Previd\u00eancia e do Fundo Previdenci\u00e1rio do Distrito Federal (DFPrev).<\/p>\n<p style=\"text-align: justify\">Tarc\u00edsio Faria, lembrou que o projeto foi enviado \u00e0 CLDF a pedido de Rodrigo Rollemberg, que alegou d\u00e9ficit de 260 bilh\u00f5es reais. O diretor financeiro do sindicato destacou a import\u00e2ncia da mobiliza\u00e7\u00e3o da categoria para o que a proposta n\u00e3o seja aprovada.<\/p>\n<p style=\"text-align: justify\"><img loading=\"lazy\" decoding=\"async\" class=\"aligncenter size-full wp-image-1806\" src=\"http:\/\/www.sindenfermeiro.com.br\/wp-content\/uploads\/2017\/08\/MG_1892.jpg\" alt=\"_MG_1892\" width=\"4897\" height=\"3264\" \/><\/p>\n<p style=\"text-align: justify\"><strong>Baile dos Enfermeiros<\/strong><\/p>\n<p style=\"text-align: justify\">Durante a assembleia, a Comiss\u00e3o do Baile comunicou que a tradicional festa da categoria ser\u00e1 realizada no dia 25 de novembro, no Minas Hall.<\/p>\n<p style=\"text-align: justify\">A retirada dos ingressos come\u00e7a no dia 23 de outubro e cada filiado ter\u00e1 direito a levar um acompanhante gratuitamente.<\/p>\n<p style=\"text-align: justify\"><strong>Filia\u00e7\u00e3o \u00e0 FNE<\/strong><\/p>\n<p style=\"text-align: justify\">A diretoria do SindEnfermeiro levou \u00e0 assembleia, o interesse do sindicato em fazer parte da Federa\u00e7\u00e3o Nacional dos Enfermeiros (FNE). O alcance da atua\u00e7\u00e3o da federa\u00e7\u00e3o foi um dos motivos destacados.<\/p>\n<p style=\"text-align: justify\">A filia\u00e7\u00e3o foi aprovada por unanimidade pela assembleia geral.<\/p>\n<p style=\"text-align: justify\"><img loading=\"lazy\" decoding=\"async\" class=\"aligncenter size-full wp-image-1809\" src=\"http:\/\/www.sindenfermeiro.com.br\/wp-content\/uploads\/2017\/08\/MG_1973.CR2_.jpg\" alt=\"_MG_1973.CR2\" width=\"4898\" height=\"3265\" \/><\/p>\n<p style=\"text-align: justify\"><strong>Congresso Conlutas<\/strong><\/p>\n<p style=\"text-align: justify\">Durante a reuni\u00e3o enfermeiros puderam se disponibilizar para participarem do 3 \u00ba Congresso da CSP &#8211; Conlutas. O congresso acontece de 12 a 15 de outubro, em Sumar\u00e9, interior de S\u00e3o Paulo.<\/p>\n","protected":false},"excerpt":{"rendered":"<p>Na \u00faltima ter\u00e7a (29), o SindEnfermeiro realizou Assembleia Geral Extraordin\u00e1ria, no Clube da Sa\u00fade, para tratar de temas como o an\u00fancio de parcelamento de sal\u00e1rios pelo governador Rodrigo Rollemberg (PSB), o Baile dos Enfermeiros de 2017, a filia\u00e7\u00e3o \u00e0 Federa\u00e7\u00e3o Nacional dos Enfermeiros (FNE) e a escolha de delegados para o congresso da CSP &#8211; [&hellip;]<\/p>\n","protected":false},"author":6,"featured_media":1808,"comment_status":"closed","ping_status":"closed","sticky":false,"template":"","format":"standard","meta":{"footnotes":""},"categories":[6,2],"tags":[],"class_list":["post-1803","post","type-post","status-publish","format-standard","has-post-thumbnail","hentry","category-noticias","category-teste"],"_links":{"self":[{"href":"https:\/\/sindenfermeiro.com.br\/index.php\/wp-json\/wp\/v2\/posts\/1803","targetHints":{"allow":["GET"]}}],"collection":[{"href":"https:\/\/sindenfermeiro.com.br\/index.php\/wp-json\/wp\/v2\/posts"}],"about":[{"href":"https:\/\/sindenfermeiro.com.br\/index.php\/wp-json\/wp\/v2\/types\/post"}],"author":[{"embeddable":true,"href":"https:\/\/sindenfermeiro.com.br\/index.php\/wp-json\/wp\/v2\/users\/6"}],"replies":[{"embeddable":true,"href":"https:\/\/sindenfermeiro.com.br\/index.php\/wp-json\/wp\/v2\/comments?post=1803"}],"version-history":[{"count":1,"href":"https:\/\/sindenfermeiro.com.br\/index.php\/wp-json\/wp\/v2\/posts\/1803\/revisions"}],"predecessor-version":[{"id":36976,"href":"https:\/\/sindenfermeiro.com.br\/index.php\/wp-json\/wp\/v2\/posts\/1803\/revisions\/36976"}],"wp:featuredmedia":[{"embeddable":true,"href":"https:\/\/sindenfermeiro.com.br\/index.php\/wp-json\/"}],"wp:attachment":[{"href":"https:\/\/sindenfermeiro.com.br\/index.php\/wp-json\/wp\/v2\/media?parent=1803"}],"wp:term":[{"taxonomy":"category","embeddable":true,"href":"https:\/\/sindenfermeiro.com.br\/index.php\/wp-json\/wp\/v2\/categories?post=1803"},{"taxonomy":"post_tag","embeddable":true,"href":"https:\/\/sindenfermeiro.com.br\/index.php\/wp-json\/wp\/v2\/tags?post=1803"}],"curies":[{"name":"wp","href":"https:\/\/api.w.org\/{rel}","templated":true}]}}