{"id":1797,"date":"2017-08-25T20:35:23","date_gmt":"2017-08-25T20:35:23","guid":{"rendered":"http:\/\/www.sindenfermeiro.com.br\/?p=1797"},"modified":"2026-04-29T14:22:30","modified_gmt":"2026-04-29T17:22:30","slug":"1797","status":"publish","type":"post","link":"https:\/\/sindenfermeiro.com.br\/index.php\/2017\/08\/25\/1797\/","title":{"rendered":"Frente \u00danica da Enfermagem estuda viabilidade de Centro de Parto Normal no Gama"},"content":{"rendered":"<p style=\"text-align: justify\">Na \u00faltima quinta (24), a Frente \u00danica da Enfermagem visitou o Hospital Regional do Gama (HRG), acompanhada da ger\u00eancia de enfermagem, superintend\u00eancia e dire\u00e7\u00e3o do hospital. A visita faz parte do estudo t\u00e9cnico de viabilidade para implementa\u00e7\u00e3o do Centro de Parto Normal (CPN), na regi\u00e3o.<\/p>\n<p style=\"text-align: justify\">O levantamento &#8211; que tem como diretrizes, as portarias e resolu\u00e7\u00f5es do Minist\u00e9rio da Sa\u00fade, al\u00e9m da realidade e viv\u00eancia da regional &#8211; sinaliza que n\u00e3o existe a possibilidade de fechamento do centro obstr\u00e9trico do HRG. No entanto constata-se que a abertura de um CPN complementar contribuir\u00e1 para a qualifica\u00e7\u00e3o da assist\u00eancia.<\/p>\n<p style=\"text-align: justify\">Um dos objetivos \u00e9 resolver os problemas de fluxo e contrafluxo entre Santa Maria e Gama.<\/p>\n<div id=\"attachment_1799\" style=\"width: 1290px\" class=\"wp-caption aligncenter\"><img loading=\"lazy\" decoding=\"async\" aria-describedby=\"caption-attachment-1799\" class=\"size-full wp-image-1799\" src=\"http:\/\/www.sindenfermeiro.com.br\/wp-content\/uploads\/2017\/08\/WhatsApp-Image-2017-08-24-at-14.31.36.jpeg\" alt=\"Frente \u00danica da Enfermagem, em visita ao HRG\" width=\"1280\" height=\"720\" \/><p id=\"caption-attachment-1799\" class=\"wp-caption-text\"><span style=\"font-size: 8pt\"><em>Frente \u00danica da Enfermagem, em visita ao HRG<\/em><\/span><\/p><\/div>\n<p style=\"text-align: justify\"><strong>Colabora\u00e7\u00f5es e publica\u00e7\u00e3o<\/strong><\/p>\n<p style=\"text-align: justify\">O estudo, que conta com a colabora\u00e7\u00e3o de enfermeiros da Organiza\u00e7\u00e3o Pan-Americana da Sa\u00fade (OPAS\/OMS), do Minist\u00e9rio da Sa\u00fade e da Associa\u00e7\u00e3o Brasileira de Enfermeiros Obstetras (ABENFO), ser\u00e1 p\u00fablicado nas pr\u00f3ximas semanas.<\/p>\n","protected":false},"excerpt":{"rendered":"<p>Na \u00faltima quinta (24), a Frente \u00danica da Enfermagem visitou o Hospital Regional do Gama (HRG), acompanhada da ger\u00eancia de enfermagem, superintend\u00eancia e dire\u00e7\u00e3o do hospital. A visita faz parte do estudo t\u00e9cnico de viabilidade para implementa\u00e7\u00e3o do Centro de Parto Normal (CPN), na regi\u00e3o. O levantamento &#8211; que tem como diretrizes, as portarias e [&hellip;]<\/p>\n","protected":false},"author":6,"featured_media":1799,"comment_status":"closed","ping_status":"closed","sticky":false,"template":"","format":"standard","meta":{"footnotes":""},"categories":[6,2],"tags":[],"class_list":["post-1797","post","type-post","status-publish","format-standard","has-post-thumbnail","hentry","category-noticias","category-teste"],"_links":{"self":[{"href":"https:\/\/sindenfermeiro.com.br\/index.php\/wp-json\/wp\/v2\/posts\/1797","targetHints":{"allow":["GET"]}}],"collection":[{"href":"https:\/\/sindenfermeiro.com.br\/index.php\/wp-json\/wp\/v2\/posts"}],"about":[{"href":"https:\/\/sindenfermeiro.com.br\/index.php\/wp-json\/wp\/v2\/types\/post"}],"author":[{"embeddable":true,"href":"https:\/\/sindenfermeiro.com.br\/index.php\/wp-json\/wp\/v2\/users\/6"}],"replies":[{"embeddable":true,"href":"https:\/\/sindenfermeiro.com.br\/index.php\/wp-json\/wp\/v2\/comments?post=1797"}],"version-history":[{"count":1,"href":"https:\/\/sindenfermeiro.com.br\/index.php\/wp-json\/wp\/v2\/posts\/1797\/revisions"}],"predecessor-version":[{"id":36771,"href":"https:\/\/sindenfermeiro.com.br\/index.php\/wp-json\/wp\/v2\/posts\/1797\/revisions\/36771"}],"wp:featuredmedia":[{"embeddable":true,"href":"https:\/\/sindenfermeiro.com.br\/index.php\/wp-json\/"}],"wp:attachment":[{"href":"https:\/\/sindenfermeiro.com.br\/index.php\/wp-json\/wp\/v2\/media?parent=1797"}],"wp:term":[{"taxonomy":"category","embeddable":true,"href":"https:\/\/sindenfermeiro.com.br\/index.php\/wp-json\/wp\/v2\/categories?post=1797"},{"taxonomy":"post_tag","embeddable":true,"href":"https:\/\/sindenfermeiro.com.br\/index.php\/wp-json\/wp\/v2\/tags?post=1797"}],"curies":[{"name":"wp","href":"https:\/\/api.w.org\/{rel}","templated":true}]}}