{"id":1784,"date":"2017-08-25T19:07:23","date_gmt":"2017-08-25T19:07:23","guid":{"rendered":"http:\/\/www.sindenfermeiro.com.br\/?p=1784"},"modified":"2026-04-29T14:23:17","modified_gmt":"2026-04-29T17:23:17","slug":"rollemberg-e-o-sucatemanto-do-servico-publico","status":"publish","type":"post","link":"https:\/\/sindenfermeiro.com.br\/index.php\/2017\/08\/25\/rollemberg-e-o-sucatemanto-do-servico-publico\/","title":{"rendered":"Rollemberg e o sucatemanto do servi\u00e7o p\u00fablico"},"content":{"rendered":"<p style=\"text-align: justify\"><em><strong>GDF depreda servi\u00e7os e an\u00fancio do parcelamento de sal\u00e1rios \u00e9 mais um ato de descaso com servidores e popula\u00e7\u00e3o<\/strong><\/em><\/p>\n<p style=\"text-align: justify\"><span style=\"font-size: 8pt\"><em>Por Jorge Henrique, diretor do SindEnfermeiro<\/em><\/span><\/p>\n<p style=\"text-align: justify\">Nessa semana, o governador anunciou o parcelamento de sal\u00e1rios dos servidores p\u00fablicos do Distrito Federal. A medida prev\u00ea que os valores superiores \u00e0 7,5 mil sejam parcelados em duas datas: A primeira parcela (7,5 mil) ser\u00e1 depositada no dia 7 de setembro. O restante ser\u00e1 depositado no dia 14 do mesmo m\u00eas.<\/p>\n<p style=\"text-align: justify\">Uma das condi\u00e7\u00f5es que Rollemberg exigiu para o pagamento, em dia &#8211; sem parcelamento -, foi a altera\u00e7\u00e3o nas regras de arrecada\u00e7\u00f5es previdenci\u00e1rias pela C\u00e2mara Legislativa. Dentre as mudan\u00e7as, deveria haver o aumento do desconto da al\u00edquota previdenci\u00e1ria dos servidores de 11% para 14%.<\/p>\n<p style=\"text-align: justify\">A outra imposi\u00e7\u00e3o foi o pagamento da d\u00edvida que o Governo Federal tem com o GDF. O governo do DF cobra a Uni\u00e3o por uma d\u00edvida de 780 milh\u00f5es, referente a uma d\u00edvida do Instituto Nacional de Seguridade Social (INSS) com compensa\u00e7\u00f5es previdenci\u00e1rias realizadas pelo GDF. Segundo o governador, o pagamento da d\u00edvida possibilitaria, ao Pal\u00e1cio do Buriti, cobrir o d\u00e9ficit de 200 milh\u00f5es nas contas p\u00fablicas e pagar os servidores.<\/p>\n<p style=\"text-align: justify\">A declara\u00e7\u00e3o do governador, al\u00e9m de ser uma estrat\u00e9gia para fugir da obriga\u00e7\u00e3o de conceder o reajuste conquistado por 32 categorias, revela a pol\u00edtica do Buriti, em rela\u00e7\u00e3o \u00e0 popula\u00e7\u00e3o e aos servi\u00e7os p\u00fablicos de Bras\u00edlia: aumento de impostos, congelamento dos sal\u00e1rios, suspens\u00e3o de nomea\u00e7\u00f5es de concursados, retirada de benef\u00edcios e desinvestimento em sa\u00fade e educa\u00e7\u00e3o. Ou seja, sucateamento premeditado e confesso.<\/p>\n<p style=\"text-align: justify\">Pela terceira vez, em tr\u00eas anos, Rollemberg (PSB) utiliza o d\u00e9ficit nas contas p\u00fablicas como argumento para n\u00e3o conceder a terceira parcela do reajuste (referente \u00e0 setembro de 2015) aos servidores p\u00fablicos. O Governador pesa a m\u00e3o quando o assunto \u00e9 atacar os direitos dos trabalhadores. Ele vem atrasando os pagamentos de pec\u00fanias dos aposentados, d\u00e9cimo terceiro, horas extras, al\u00e9m das in\u00fameras investidas, na Justi\u00e7a, para retirar gratifica\u00e7\u00f5es e outros benef\u00edcios dos servidores.<\/p>\n<p style=\"text-align: justify\">Para convencer o cidad\u00e3o do DF de que as contas n\u00e3o est\u00e3o fechando, Rollemberg tenta comparar, em v\u00e3o, a situa\u00e7\u00e3o de Bras\u00edlia a do Rio de Janeiro. Mas, segundo dados do Departamento Intersindical de Estat\u00edstica e Estudos Socioecon\u00f4micos (DIEESE), o DF ocupa a 16\u00b0 posi\u00e7\u00e3o no ranking dos estados que t\u00eam d\u00edvida com o Tesouro Nacional. Al\u00e9m disso, a d\u00edvida consolidada e l\u00edquida do DF \u00e9 de 23,55%, enquanto o endividamento previsto na Lei de Responsabilidade Fiscal (LRF) \u00e9 de at\u00e9 200% da Receita Corrente L\u00edquida (RCL).<\/p>\n<p style=\"text-align: justify\">Os dados do Sistema Integrado de Gest\u00e3o Governamental (SIGGO) tamb\u00e9m mostram que a arrecada\u00e7\u00e3o de impostos e outros tributos, nos primeiros sete meses de 2017, atingiu a cifra de 8,631 bilh\u00f5es &#8211; um acr\u00e9scimo de 2,2% em rela\u00e7\u00e3o a 2016 -.<\/p>\n<p style=\"text-align: justify\">A ca\u00e7a aos servidores \u00e9 t\u00e3o grande que o Pal\u00e1cio do Buriti investiu em a\u00e7\u00e3o para tornar inconstitucional o reajuste dos servidores. No entanto, a C\u00e2mara de Uniformiza\u00e7\u00e3o de Jurisprud\u00eancia do TJDFT (Tribunal de Justi\u00e7a do Distrito Federal e Territ\u00f3rios) negou o pedido. Desembargadores argumentaram que n\u00e3o h\u00e1 comprova\u00e7\u00e3o de que o d\u00e9ficit or\u00e7ament\u00e1rio inviabilize o pagamento dos reajustes.<\/p>\n","protected":false},"excerpt":{"rendered":"<p>GDF depreda servi\u00e7os e an\u00fancio do parcelamento de sal\u00e1rios \u00e9 mais um ato de descaso com servidores e popula\u00e7\u00e3o Por Jorge Henrique, diretor do SindEnfermeiro Nessa semana, o governador anunciou o parcelamento de sal\u00e1rios dos servidores p\u00fablicos do Distrito Federal. A medida prev\u00ea que os valores superiores \u00e0 7,5 mil sejam parcelados em duas datas: [&hellip;]<\/p>\n","protected":false},"author":6,"featured_media":1785,"comment_status":"closed","ping_status":"closed","sticky":false,"template":"","format":"standard","meta":{"footnotes":""},"categories":[6,2],"tags":[],"class_list":["post-1784","post","type-post","status-publish","format-standard","has-post-thumbnail","hentry","category-noticias","category-teste"],"_links":{"self":[{"href":"https:\/\/sindenfermeiro.com.br\/index.php\/wp-json\/wp\/v2\/posts\/1784","targetHints":{"allow":["GET"]}}],"collection":[{"href":"https:\/\/sindenfermeiro.com.br\/index.php\/wp-json\/wp\/v2\/posts"}],"about":[{"href":"https:\/\/sindenfermeiro.com.br\/index.php\/wp-json\/wp\/v2\/types\/post"}],"author":[{"embeddable":true,"href":"https:\/\/sindenfermeiro.com.br\/index.php\/wp-json\/wp\/v2\/users\/6"}],"replies":[{"embeddable":true,"href":"https:\/\/sindenfermeiro.com.br\/index.php\/wp-json\/wp\/v2\/comments?post=1784"}],"version-history":[{"count":1,"href":"https:\/\/sindenfermeiro.com.br\/index.php\/wp-json\/wp\/v2\/posts\/1784\/revisions"}],"predecessor-version":[{"id":37402,"href":"https:\/\/sindenfermeiro.com.br\/index.php\/wp-json\/wp\/v2\/posts\/1784\/revisions\/37402"}],"wp:featuredmedia":[{"embeddable":true,"href":"https:\/\/sindenfermeiro.com.br\/index.php\/wp-json\/"}],"wp:attachment":[{"href":"https:\/\/sindenfermeiro.com.br\/index.php\/wp-json\/wp\/v2\/media?parent=1784"}],"wp:term":[{"taxonomy":"category","embeddable":true,"href":"https:\/\/sindenfermeiro.com.br\/index.php\/wp-json\/wp\/v2\/categories?post=1784"},{"taxonomy":"post_tag","embeddable":true,"href":"https:\/\/sindenfermeiro.com.br\/index.php\/wp-json\/wp\/v2\/tags?post=1784"}],"curies":[{"name":"wp","href":"https:\/\/api.w.org\/{rel}","templated":true}]}}