{"id":1781,"date":"2017-08-23T19:15:13","date_gmt":"2017-08-23T19:15:13","guid":{"rendered":"http:\/\/www.sindenfermeiro.com.br\/?p=1781"},"modified":"2026-04-29T14:22:44","modified_gmt":"2026-04-29T17:22:44","slug":"arraia-do-samu","status":"publish","type":"post","link":"https:\/\/sindenfermeiro.com.br\/index.php\/2017\/08\/23\/arraia-do-samu\/","title":{"rendered":"Arrai\u00e1 do SAMU"},"content":{"rendered":"<p style=\"text-align: justify\">Nessa sexta (25), o SAMU-DF comemora seu anivers\u00e1rio com um grande arrai\u00e1. A festa acontece a partir das 20h, no Clube da Sa\u00fade e conta com barracas de comidas t\u00edpicas, Food Trucks, quadrilha e muita brincadeira pra crian\u00e7ada. As atra\u00e7\u00f5es musicais s\u00e3o as bandas Squema Seis e Valvox, a dupla\u00a0Mathos Grandi e Matheus, al\u00e9m de DJ&#8217;s.<\/p>\n<div class=\"text_exposed_show\">\n<p style=\"text-align: justify\">Filiados ao SindEnfermeiro e acompanhante n\u00e3o pagam, mediante apresenta\u00e7\u00e3o do contracheque do sindicalizado.<\/p>\n<p style=\"text-align: justify\"><img loading=\"lazy\" decoding=\"async\" class=\"aligncenter size-full wp-image-1782\" src=\"http:\/\/www.sindenfermeiro.com.br\/wp-content\/uploads\/2017\/08\/WhatsApp-Image-2017-08-23-at-15.24.44.jpeg\" alt=\"WhatsApp Image 2017-08-23 at 15.24.44\" width=\"942\" height=\"849\" \/><\/p>\n<\/div>\n<div class=\"text_exposed_show\">\n<p><strong>SERVI\u00c7O:<\/strong><\/p>\n<p><strong>INGRESSOS:<\/strong> 10 reais (meia-entrada)<\/p>\n<p><strong>LOCAL:<\/strong> Clube da Sa\u00fade<\/p>\n<p><strong>HOR\u00c1RIO:<\/strong> A partir das 20h<\/p>\n<p><strong>PONTOS DE VENDA:<\/strong> NEP Samu, Central do Samu, Clube da S\u00e1ude, Quiosque HMIB e portaria do evento<\/p>\n<p><strong>INFORMA\u00c7\u00d5ES:<\/strong> 9 8195-1455 \/ 9 9927-3051<\/p>\n<p>* FILIADO AO SINDENFERMEIRO + ACOMPANHANTE N\u00c3O PAGAM, mediante APRESENTA\u00c7\u00c3O DO CONTRACHEQUE do sindicalizado<\/p>\n<\/div>\n","protected":false},"excerpt":{"rendered":"<p>Nessa sexta (25), o SAMU-DF comemora seu anivers\u00e1rio com um grande arrai\u00e1. A festa acontece a partir das 20h, no Clube da Sa\u00fade e conta com barracas de comidas t\u00edpicas, Food Trucks, quadrilha e muita brincadeira pra crian\u00e7ada. As atra\u00e7\u00f5es musicais s\u00e3o as bandas Squema Seis e Valvox, a dupla\u00a0Mathos Grandi e Matheus, al\u00e9m de [&hellip;]<\/p>\n","protected":false},"author":6,"featured_media":1782,"comment_status":"closed","ping_status":"closed","sticky":false,"template":"","format":"standard","meta":{"footnotes":""},"categories":[6,2],"tags":[17,18,19,20,21,22],"class_list":["post-1781","post","type-post","status-publish","format-standard","has-post-thumbnail","hentry","category-noticias","category-teste","tag-aniversario-samu","tag-arraia","tag-clube-da-saude","tag-samu","tag-sindenfermeiro","tag-sindicato-dos-enfermeiros"],"_links":{"self":[{"href":"https:\/\/sindenfermeiro.com.br\/index.php\/wp-json\/wp\/v2\/posts\/1781","targetHints":{"allow":["GET"]}}],"collection":[{"href":"https:\/\/sindenfermeiro.com.br\/index.php\/wp-json\/wp\/v2\/posts"}],"about":[{"href":"https:\/\/sindenfermeiro.com.br\/index.php\/wp-json\/wp\/v2\/types\/post"}],"author":[{"embeddable":true,"href":"https:\/\/sindenfermeiro.com.br\/index.php\/wp-json\/wp\/v2\/users\/6"}],"replies":[{"embeddable":true,"href":"https:\/\/sindenfermeiro.com.br\/index.php\/wp-json\/wp\/v2\/comments?post=1781"}],"version-history":[{"count":1,"href":"https:\/\/sindenfermeiro.com.br\/index.php\/wp-json\/wp\/v2\/posts\/1781\/revisions"}],"predecessor-version":[{"id":29463,"href":"https:\/\/sindenfermeiro.com.br\/index.php\/wp-json\/wp\/v2\/posts\/1781\/revisions\/29463"}],"wp:featuredmedia":[{"embeddable":true,"href":"https:\/\/sindenfermeiro.com.br\/index.php\/wp-json\/"}],"wp:attachment":[{"href":"https:\/\/sindenfermeiro.com.br\/index.php\/wp-json\/wp\/v2\/media?parent=1781"}],"wp:term":[{"taxonomy":"category","embeddable":true,"href":"https:\/\/sindenfermeiro.com.br\/index.php\/wp-json\/wp\/v2\/categories?post=1781"},{"taxonomy":"post_tag","embeddable":true,"href":"https:\/\/sindenfermeiro.com.br\/index.php\/wp-json\/wp\/v2\/tags?post=1781"}],"curies":[{"name":"wp","href":"https:\/\/api.w.org\/{rel}","templated":true}]}}