{"id":1777,"date":"2017-08-18T18:48:28","date_gmt":"2017-08-18T18:48:28","guid":{"rendered":"http:\/\/www.sindenfermeiro.com.br\/?p=1777"},"modified":"2026-04-29T14:22:56","modified_gmt":"2026-04-29T17:22:56","slug":"assembleia-geral-extraordinaria","status":"publish","type":"post","link":"https:\/\/sindenfermeiro.com.br\/index.php\/2017\/08\/18\/assembleia-geral-extraordinaria\/","title":{"rendered":"Assembleia Geral Extraordin\u00e1ria"},"content":{"rendered":"<p>Aten\u00e7\u00e3o enfermeiras e enfermeiros do Distrito Federal!<\/p>\n<p>No pr\u00f3ximo dia 29 de agosto (ter\u00e7a), \u00e0s 15h, o SindEnfermeiro realiza Assembleia Geral Extraordin\u00e1ria, no Clube da Sa\u00fade.<\/p>\n<div class=\"text_exposed_show\">\n<p>Os assuntos abordados ser\u00e3o: Parcelamento de sal\u00e1rios, Baile dos Enfermeiros 2017, Filia\u00e7\u00e3o \u00e0 Federa\u00e7\u00e3o Nacional dos Enfermeiros (FNE) e Escolha de delegados para o congresso da CSP &#8211; Conlutas.<\/p>\n<p>Esperamos por todos voc\u00eas!<\/p>\n<p><img loading=\"lazy\" decoding=\"async\" class=\"aligncenter size-full wp-image-1778\" src=\"http:\/\/www.sindenfermeiro.com.br\/wp-content\/uploads\/2017\/08\/WhatsApp-Image-2017-08-18-at-11.44.01.jpeg\" alt=\"WhatsApp Image 2017-08-18 at 11.44.01\" width=\"1024\" height=\"722\" \/><\/p>\n<\/div>\n","protected":false},"excerpt":{"rendered":"<p>Aten\u00e7\u00e3o enfermeiras e enfermeiros do Distrito Federal! No pr\u00f3ximo dia 29 de agosto (ter\u00e7a), \u00e0s 15h, o SindEnfermeiro realiza Assembleia Geral Extraordin\u00e1ria, no Clube da Sa\u00fade. Os assuntos abordados ser\u00e3o: Parcelamento de sal\u00e1rios, Baile dos Enfermeiros 2017, Filia\u00e7\u00e3o \u00e0 Federa\u00e7\u00e3o Nacional dos Enfermeiros (FNE) e Escolha de delegados para o congresso da CSP &#8211; Conlutas. [&hellip;]<\/p>\n","protected":false},"author":6,"featured_media":1778,"comment_status":"closed","ping_status":"closed","sticky":false,"template":"","format":"standard","meta":{"footnotes":""},"categories":[6,2],"tags":[],"class_list":["post-1777","post","type-post","status-publish","format-standard","has-post-thumbnail","hentry","category-noticias","category-teste"],"_links":{"self":[{"href":"https:\/\/sindenfermeiro.com.br\/index.php\/wp-json\/wp\/v2\/posts\/1777","targetHints":{"allow":["GET"]}}],"collection":[{"href":"https:\/\/sindenfermeiro.com.br\/index.php\/wp-json\/wp\/v2\/posts"}],"about":[{"href":"https:\/\/sindenfermeiro.com.br\/index.php\/wp-json\/wp\/v2\/types\/post"}],"author":[{"embeddable":true,"href":"https:\/\/sindenfermeiro.com.br\/index.php\/wp-json\/wp\/v2\/users\/6"}],"replies":[{"embeddable":true,"href":"https:\/\/sindenfermeiro.com.br\/index.php\/wp-json\/wp\/v2\/comments?post=1777"}],"version-history":[{"count":1,"href":"https:\/\/sindenfermeiro.com.br\/index.php\/wp-json\/wp\/v2\/posts\/1777\/revisions"}],"predecessor-version":[{"id":36991,"href":"https:\/\/sindenfermeiro.com.br\/index.php\/wp-json\/wp\/v2\/posts\/1777\/revisions\/36991"}],"wp:featuredmedia":[{"embeddable":true,"href":"https:\/\/sindenfermeiro.com.br\/index.php\/wp-json\/"}],"wp:attachment":[{"href":"https:\/\/sindenfermeiro.com.br\/index.php\/wp-json\/wp\/v2\/media?parent=1777"}],"wp:term":[{"taxonomy":"category","embeddable":true,"href":"https:\/\/sindenfermeiro.com.br\/index.php\/wp-json\/wp\/v2\/categories?post=1777"},{"taxonomy":"post_tag","embeddable":true,"href":"https:\/\/sindenfermeiro.com.br\/index.php\/wp-json\/wp\/v2\/tags?post=1777"}],"curies":[{"name":"wp","href":"https:\/\/api.w.org\/{rel}","templated":true}]}}