{"id":1770,"date":"2017-08-16T20:43:12","date_gmt":"2017-08-16T20:43:12","guid":{"rendered":"http:\/\/www.sindenfermeiro.com.br\/?p=1770"},"modified":"2026-04-29T15:43:05","modified_gmt":"2026-04-29T18:43:05","slug":"sindenfemeiro-participa-da-inauguracao-do-primeiro-ambulatorio-trans-do-df","status":"publish","type":"post","link":"https:\/\/sindenfermeiro.com.br\/index.php\/2017\/08\/16\/sindenfemeiro-participa-da-inauguracao-do-primeiro-ambulatorio-trans-do-df\/","title":{"rendered":"SindEnfemeiro participa da inaugura\u00e7\u00e3o do primeiro Ambulat\u00f3rio Trans do DF"},"content":{"rendered":"<p style=\"text-align: justify\">O SindEnfermeiro esteve, na \u00faltima segunda (14), na inaugura\u00e7\u00e3o do primeiro Ambulat\u00f3rio Trans do Distrito Federal (DF). A unidade, que funciona na 508\/509 sul, no Hospital Dia, prestar\u00e1 atendimento a travestis e transexuais e come\u00e7a a atender a partir da pr\u00f3xima segunda (21).<\/p>\n<p style=\"text-align: justify\">De acordo com Dayse Amar\u00edlio, presidente do Sindicato dos Enfermeiros do Distrito Federal (SindEnfermeiro-DF), o ambulat\u00f3rio atender\u00e1 a popula\u00e7\u00e3o &#8220;com a devida acessibilidade, universalidade e equidade&#8221;, disse.<\/p>\n<p style=\"text-align: justify\">Segundo Dayse, o servi\u00e7o j\u00e1 \u00e9 prestado na rede de sa\u00fade do DF, mas nem sempre o paciente consegue ser atendido com a universalidade e a integralidade necess\u00e1rias. &#8220;As pessoas precisam da assist\u00eancia na plenitude de seus direitos&#8221;, destaca a presidente do SindEnfermeiro.<\/p>\n<p style=\"text-align: justify\">Dayse Amar\u00edlio destacou que nenhum tipo de servi\u00e7o ser\u00e1 fechado na unidade. &#8220;O ambulat\u00f3rio \u00e9 algo a mais. As equipes que v\u00e3o trabalhar j\u00e1 existiam, na unidade. Os profissionais se disponibilizaram para compor a assist\u00eancia no ambulat\u00f3rio&#8221;, disse.<\/p>\n<p style=\"text-align: justify\">A inaugura\u00e7\u00e3o contou com a pintura da unidade e um grafite tem\u00e1tico LGBT, no muro do hospital.<\/p>\n<p style=\"text-align: justify\"><img loading=\"lazy\" decoding=\"async\" class=\"aligncenter size-full wp-image-1772\" src=\"http:\/\/www.sindenfermeiro.com.br\/wp-content\/uploads\/2017\/08\/MG_1514.jpg\" alt=\"_MG_1514\" width=\"6000\" height=\"4000\" \/><\/p>\n<p style=\"text-align: justify\"><strong>Especialidades<\/strong><\/p>\n<p style=\"text-align: justify\">O ambulat\u00f3rio funcionar\u00e1 em 5 salas, com atendimento em psicologia, psiquiatria, servi\u00e7o social, endocrinologia e enfermagem. A previs\u00e3o \u00e9 de que esse atendimento tamb\u00e9m abarque outras especialidades como ginecologia e urologia.<\/p>\n<p style=\"text-align: justify\">Os atendimentos come\u00e7am a partir do dia 21 (segunda) e acontecer\u00e3o de segunda a sexta (7h \u00e0s 12h e 14h \u00e0s 16h). A popula\u00e7\u00e3o pode agendar a participa\u00e7\u00e3o nos grupos de entrada, que estar\u00e3o abertos \u00e0s ter\u00e7as (10h \u00e0s 11h) e quintas (14h30 \u00e0s 16h).<\/p>\n<p style=\"text-align: justify\"><img loading=\"lazy\" decoding=\"async\" class=\"aligncenter size-full wp-image-1771\" src=\"http:\/\/www.sindenfermeiro.com.br\/wp-content\/uploads\/2017\/08\/MG_1551.jpg\" alt=\"_MG_1551\" width=\"6000\" height=\"4000\" \/> <img loading=\"lazy\" decoding=\"async\" class=\"aligncenter size-full wp-image-1774\" src=\"http:\/\/www.sindenfermeiro.com.br\/wp-content\/uploads\/2017\/08\/MG_1531.jpg\" alt=\"_MG_1531\" width=\"6000\" height=\"4000\" \/><\/p>\n","protected":false},"excerpt":{"rendered":"<p>O SindEnfermeiro esteve, na \u00faltima segunda (14), na inaugura\u00e7\u00e3o do primeiro Ambulat\u00f3rio Trans do Distrito Federal (DF). A unidade, que funciona na 508\/509 sul, no Hospital Dia, prestar\u00e1 atendimento a travestis e transexuais e come\u00e7a a atender a partir da pr\u00f3xima segunda (21). De acordo com Dayse Amar\u00edlio, presidente do Sindicato dos Enfermeiros do Distrito [&hellip;]<\/p>\n","protected":false},"author":6,"featured_media":1772,"comment_status":"closed","ping_status":"closed","sticky":false,"template":"","format":"standard","meta":{"footnotes":""},"categories":[6,2],"tags":[],"class_list":["post-1770","post","type-post","status-publish","format-standard","has-post-thumbnail","hentry","category-noticias","category-teste"],"_links":{"self":[{"href":"https:\/\/sindenfermeiro.com.br\/index.php\/wp-json\/wp\/v2\/posts\/1770","targetHints":{"allow":["GET"]}}],"collection":[{"href":"https:\/\/sindenfermeiro.com.br\/index.php\/wp-json\/wp\/v2\/posts"}],"about":[{"href":"https:\/\/sindenfermeiro.com.br\/index.php\/wp-json\/wp\/v2\/types\/post"}],"author":[{"embeddable":true,"href":"https:\/\/sindenfermeiro.com.br\/index.php\/wp-json\/wp\/v2\/users\/6"}],"replies":[{"embeddable":true,"href":"https:\/\/sindenfermeiro.com.br\/index.php\/wp-json\/wp\/v2\/comments?post=1770"}],"version-history":[{"count":1,"href":"https:\/\/sindenfermeiro.com.br\/index.php\/wp-json\/wp\/v2\/posts\/1770\/revisions"}],"predecessor-version":[{"id":36798,"href":"https:\/\/sindenfermeiro.com.br\/index.php\/wp-json\/wp\/v2\/posts\/1770\/revisions\/36798"}],"wp:featuredmedia":[{"embeddable":true,"href":"https:\/\/sindenfermeiro.com.br\/index.php\/wp-json\/"}],"wp:attachment":[{"href":"https:\/\/sindenfermeiro.com.br\/index.php\/wp-json\/wp\/v2\/media?parent=1770"}],"wp:term":[{"taxonomy":"category","embeddable":true,"href":"https:\/\/sindenfermeiro.com.br\/index.php\/wp-json\/wp\/v2\/categories?post=1770"},{"taxonomy":"post_tag","embeddable":true,"href":"https:\/\/sindenfermeiro.com.br\/index.php\/wp-json\/wp\/v2\/tags?post=1770"}],"curies":[{"name":"wp","href":"https:\/\/api.w.org\/{rel}","templated":true}]}}