{"id":1764,"date":"2017-08-16T17:51:23","date_gmt":"2017-08-16T17:51:23","guid":{"rendered":"http:\/\/www.sindenfermeiro.com.br\/?p=1764"},"modified":"2026-04-29T14:24:09","modified_gmt":"2026-04-29T17:24:09","slug":"eleicoes-instituto-hospital-de-base-conselho-administrativo","status":"publish","type":"post","link":"https:\/\/sindenfermeiro.com.br\/index.php\/2017\/08\/16\/eleicoes-instituto-hospital-de-base-conselho-administrativo\/","title":{"rendered":"ELEI\u00c7\u00d5ES &#8211; INSTITUTO HOSPITAL DE BASE &#8211; CONSELHO ADMINISTRATIVO"},"content":{"rendered":"<p style=\"text-align: justify\">Nos pr\u00f3ximos dias 18 e 19 de agosto (sexta e s\u00e1bado), acontecem as elei\u00e7\u00f5es para o Conselho Administrativo do Instituto Hospital de Base (IHBDF).<\/p>\n<p style=\"text-align: justify\">O Sindicato dos Enfermeiros ap\u00f3ia as servidoras Mary Margaret e Raquel Motta para comporem o colegiado.<\/p>\n<p style=\"text-align: justify\">O SindEnfermeiro acredita na capacidade de Mary e Raquel para representarem o trabalhador junto ao Conselho, criando assim, um canal de comunica\u00e7\u00e3o entre usu\u00e1rios, servidores e gestores.<\/p>\n<p style=\"text-align: justify\">Nossa batalha pela n\u00e3o implementa\u00e7\u00e3o do instituto foi \u00e1rdua. Mas, no contexto atual, o que precisamos fazer, \u00e9 delegar a representante mais capaz de levantar as bandeiras dos trabalhadores, junto ao grupo gestor do hospital.<\/p>\n<p style=\"text-align: justify\">E, tanto Mary Magaret, quanto Raquel Motta s\u00e3o capazes de o fazerem. Mary e Raquel possuem, entre suas compet\u00eancias, a hist\u00f3ria de 27 e 28 anos, respectivamente, de trabalho como servidoras do Hospital de Base.<\/p>\n<p style=\"text-align: justify\">As caminhadas dessas duas enfermeiras sempre foram trilhadas com toda a \u00e9tica, moral e idoneidade.<\/p>\n<p style=\"text-align: justify\">\u00c9 por isso que o SindEnfemeiro ap\u00f3ia Mary Margaret e Raquel Motta para o Conselho Administrativo do Instituto HBDF!<\/p>\n<p style=\"text-align: justify\">Por qualidade na assist\u00eancia ao usu\u00e1rio e condi\u00e7\u00f5es de trabalho dignas aos servidores!<\/p>\n<p style=\"text-align: justify\">Juntos Somos Mais Fortes!<\/p>\n<p><img loading=\"lazy\" decoding=\"async\" class=\"aligncenter size-full wp-image-1765\" src=\"http:\/\/www.sindenfermeiro.com.br\/wp-content\/uploads\/2017\/08\/WhatsApp-Image-2017-08-16-at-14.00.13.jpeg\" alt=\"WhatsApp Image 2017-08-16 at 14.00.13\" width=\"905\" height=\"1280\" \/> <img loading=\"lazy\" decoding=\"async\" class=\"aligncenter size-full wp-image-1766\" src=\"http:\/\/www.sindenfermeiro.com.br\/wp-content\/uploads\/2017\/08\/WhatsApp-Image-2017-08-15-at-17.42.45.jpeg\" alt=\"WhatsApp Image 2017-08-15 at 17.42.45\" width=\"853\" height=\"1280\" \/><\/p>\n","protected":false},"excerpt":{"rendered":"<p>Nos pr\u00f3ximos dias 18 e 19 de agosto (sexta e s\u00e1bado), acontecem as elei\u00e7\u00f5es para o Conselho Administrativo do Instituto Hospital de Base (IHBDF). O Sindicato dos Enfermeiros ap\u00f3ia as servidoras Mary Margaret e Raquel Motta para comporem o colegiado. O SindEnfermeiro acredita na capacidade de Mary e Raquel para representarem o trabalhador junto ao [&hellip;]<\/p>\n","protected":false},"author":6,"featured_media":1768,"comment_status":"closed","ping_status":"closed","sticky":false,"template":"","format":"standard","meta":{"footnotes":""},"categories":[6,2],"tags":[],"class_list":["post-1764","post","type-post","status-publish","format-standard","has-post-thumbnail","hentry","category-noticias","category-teste"],"_links":{"self":[{"href":"https:\/\/sindenfermeiro.com.br\/index.php\/wp-json\/wp\/v2\/posts\/1764","targetHints":{"allow":["GET"]}}],"collection":[{"href":"https:\/\/sindenfermeiro.com.br\/index.php\/wp-json\/wp\/v2\/posts"}],"about":[{"href":"https:\/\/sindenfermeiro.com.br\/index.php\/wp-json\/wp\/v2\/types\/post"}],"author":[{"embeddable":true,"href":"https:\/\/sindenfermeiro.com.br\/index.php\/wp-json\/wp\/v2\/users\/6"}],"replies":[{"embeddable":true,"href":"https:\/\/sindenfermeiro.com.br\/index.php\/wp-json\/wp\/v2\/comments?post=1764"}],"version-history":[{"count":1,"href":"https:\/\/sindenfermeiro.com.br\/index.php\/wp-json\/wp\/v2\/posts\/1764\/revisions"}],"predecessor-version":[{"id":36796,"href":"https:\/\/sindenfermeiro.com.br\/index.php\/wp-json\/wp\/v2\/posts\/1764\/revisions\/36796"}],"wp:featuredmedia":[{"embeddable":true,"href":"https:\/\/sindenfermeiro.com.br\/index.php\/wp-json\/"}],"wp:attachment":[{"href":"https:\/\/sindenfermeiro.com.br\/index.php\/wp-json\/wp\/v2\/media?parent=1764"}],"wp:term":[{"taxonomy":"category","embeddable":true,"href":"https:\/\/sindenfermeiro.com.br\/index.php\/wp-json\/wp\/v2\/categories?post=1764"},{"taxonomy":"post_tag","embeddable":true,"href":"https:\/\/sindenfermeiro.com.br\/index.php\/wp-json\/wp\/v2\/tags?post=1764"}],"curies":[{"name":"wp","href":"https:\/\/api.w.org\/{rel}","templated":true}]}}