{"id":1761,"date":"2017-08-15T19:50:50","date_gmt":"2017-08-15T19:50:50","guid":{"rendered":"http:\/\/www.sindenfermeiro.com.br\/?p=1761"},"modified":"2026-04-29T14:24:10","modified_gmt":"2026-04-29T17:24:10","slug":"audiencia-publica-uso-das-verbas-publicas-pelo-gdf","status":"publish","type":"post","link":"https:\/\/sindenfermeiro.com.br\/index.php\/2017\/08\/15\/audiencia-publica-uso-das-verbas-publicas-pelo-gdf\/","title":{"rendered":"Audi\u00eancia P\u00fablica &#8211; Uso das verbas p\u00fablicas pelo GDF"},"content":{"rendered":"<p>Nessa quarta (16), \u00e0s 10h, a C\u00e2mara Legislativa (CLDF) realiza Audi\u00eancia P\u00fablica para debater o uso indevido das verbas p\u00fablicas pelo Governo do Distrito Federal (GDF).<\/p>\n<p>Dentre os temas que ser\u00e3o discutidos est\u00e3o:<\/p>\n<p>1) A utiliza\u00e7\u00e3o de recursos do IPREV para arcar com despesas salariais;\u00a0<span class=\"text_exposed_show\"><br \/>\n2) O n\u00e3o pagamento da \u00faltima parcela de reajuste (concedido em 2013, a 32 carreiras de servidores);<br \/>\n3) O atraso no pagamento do d\u00e9cimo terceiro;<br \/>\n4) A reten\u00e7\u00e3o dos descontos consignados dos empr\u00e9stimos &#8211; realizados por servidores &#8211; junto ao BRB e das contribui\u00e7\u00f5es sindicais e associativas<br \/>\n5) O atraso no pagamento das licen\u00e7as pr\u00eamios n\u00e3o gozadas, e convertidas em pec\u00fania nos termos da LC 840\/2011;<br \/>\n6) Os recentes an\u00fancios do GDF sobre o parcelamento dos sal\u00e1rios dos servidores;<br \/>\n7) A falta de reajuste\/reposi\u00e7\u00e3o salarial por mais de 3 anos com a servidores p\u00fablicos do Distrito Federal;<br \/>\n8) A Ordem de Servi\u00e7o 28\/2017, que suspendeu a fiscaliza\u00e7\u00e3o ininterrupta de ICMS de mercadorias em tr\u00e2nsito;<\/span><\/p>\n<div class=\"text_exposed_show\">\n<p>O SindEnfermeiro conta com a sua presen\u00e7a para fortalecer a luta contra os desmandos do GDF!<\/p>\n<p>Seguiremos, firmes e fortes, lutando por melhores condi\u00e7\u00f5es de trabalho e de presta\u00e7\u00e3o de servi\u00e7o ao cidad\u00e3o do Distrito Federal!<\/p>\n<p>Juntos Somos Mais Fortes!<\/p>\n<p><img loading=\"lazy\" decoding=\"async\" class=\"aligncenter size-full wp-image-1762\" src=\"http:\/\/www.sindenfermeiro.com.br\/wp-content\/uploads\/2017\/08\/WhatsApp-Image-2017-08-15-at-15.45.49.jpeg\" alt=\"WhatsApp Image 2017-08-15 at 15.45.49\" width=\"750\" height=\"1061\" \/><\/p>\n<\/div>\n","protected":false},"excerpt":{"rendered":"<p>Nessa quarta (16), \u00e0s 10h, a C\u00e2mara Legislativa (CLDF) realiza Audi\u00eancia P\u00fablica para debater o uso indevido das verbas p\u00fablicas pelo Governo do Distrito Federal (GDF). Dentre os temas que ser\u00e3o discutidos est\u00e3o: 1) A utiliza\u00e7\u00e3o de recursos do IPREV para arcar com despesas salariais;\u00a0 2) O n\u00e3o pagamento da \u00faltima parcela de reajuste (concedido [&hellip;]<\/p>\n","protected":false},"author":6,"featured_media":1762,"comment_status":"closed","ping_status":"closed","sticky":false,"template":"","format":"standard","meta":{"footnotes":""},"categories":[6,2],"tags":[],"class_list":["post-1761","post","type-post","status-publish","format-standard","has-post-thumbnail","hentry","category-noticias","category-teste"],"_links":{"self":[{"href":"https:\/\/sindenfermeiro.com.br\/index.php\/wp-json\/wp\/v2\/posts\/1761","targetHints":{"allow":["GET"]}}],"collection":[{"href":"https:\/\/sindenfermeiro.com.br\/index.php\/wp-json\/wp\/v2\/posts"}],"about":[{"href":"https:\/\/sindenfermeiro.com.br\/index.php\/wp-json\/wp\/v2\/types\/post"}],"author":[{"embeddable":true,"href":"https:\/\/sindenfermeiro.com.br\/index.php\/wp-json\/wp\/v2\/users\/6"}],"replies":[{"embeddable":true,"href":"https:\/\/sindenfermeiro.com.br\/index.php\/wp-json\/wp\/v2\/comments?post=1761"}],"version-history":[{"count":1,"href":"https:\/\/sindenfermeiro.com.br\/index.php\/wp-json\/wp\/v2\/posts\/1761\/revisions"}],"predecessor-version":[{"id":32693,"href":"https:\/\/sindenfermeiro.com.br\/index.php\/wp-json\/wp\/v2\/posts\/1761\/revisions\/32693"}],"wp:featuredmedia":[{"embeddable":true,"href":"https:\/\/sindenfermeiro.com.br\/index.php\/wp-json\/"}],"wp:attachment":[{"href":"https:\/\/sindenfermeiro.com.br\/index.php\/wp-json\/wp\/v2\/media?parent=1761"}],"wp:term":[{"taxonomy":"category","embeddable":true,"href":"https:\/\/sindenfermeiro.com.br\/index.php\/wp-json\/wp\/v2\/categories?post=1761"},{"taxonomy":"post_tag","embeddable":true,"href":"https:\/\/sindenfermeiro.com.br\/index.php\/wp-json\/wp\/v2\/tags?post=1761"}],"curies":[{"name":"wp","href":"https:\/\/api.w.org\/{rel}","templated":true}]}}