{"id":1755,"date":"2017-07-28T20:22:59","date_gmt":"2017-07-28T20:22:59","guid":{"rendered":"http:\/\/www.sindenfermeiro.com.br\/?p=1755"},"modified":"2026-04-29T14:24:45","modified_gmt":"2026-04-29T17:24:45","slug":"apos-acao-do-sindenfermeiro-juiz-determina-que-gdf-volte-a-pagar-gtit","status":"publish","type":"post","link":"https:\/\/sindenfermeiro.com.br\/index.php\/2017\/07\/28\/apos-acao-do-sindenfermeiro-juiz-determina-que-gdf-volte-a-pagar-gtit\/","title":{"rendered":"Ap\u00f3s a\u00e7\u00e3o do SindEnfermeiro, juiz determina que GDF volte a pagar GTIT"},"content":{"rendered":"<p style=\"text-align: justify\">O juiz Jansen Fialho de Almeida, do Tribunal de Justi\u00e7a do DF (TJDFT) determinou que o Governo do Distrito Federal (GDF) volte a pagar a Gratifica\u00e7\u00e3o por Titula\u00e7\u00e3o (GTIT) aos Enfermeiros, \u201cmediante apresenta\u00e7\u00e3o dos t\u00edtulos acad\u00eamicos e certificados, na forma da Lei (n\u00ba 3320\/2005)\u201d. As gratifica\u00e7\u00f5es ainda devem obedecer o limite de 30% e o n\u00e3o ac\u00famulo de t\u00edtulos da mesma natureza.<\/p>\n<p style=\"text-align: justify\">A decis\u00e3o \u00e9 consequ\u00eancia de a\u00e7\u00e3o ajuizada pelo Sindicato dos Enfermeiros (SindEnfermeiro-DF). Com isso, a Secretaria de Sa\u00fade (SES) tem at\u00e9 22 de agosto (30 dias, a contar da publica\u00e7\u00e3o da senten\u00e7a, em 24 de julho) para cumprir com o determinado pelo juiz.<\/p>\n<p style=\"text-align: justify\">Na senten\u00e7a, Fialho de Almeida destaca que \u201co Distrito Federal n\u00e3o vem cumprindo a legisla\u00e7\u00e3o\u201d e que, ainda de acordo com o juiz, \u201cvem desrespeitando os direitos dos servidores\u201d.<\/p>\n<p style=\"text-align: justify\">Fialho de Almeida tamb\u00e9m determina que o GDF reembolse os servidores com o valor das gratifica\u00e7\u00f5es n\u00e3o pagas (a contar da data do requerimento administrativo feito por cada servidor). Essa determina\u00e7\u00e3o vale para casos de servidores que fizeram o requerimento at\u00e9 29 de maio de 2012. Ou seja, h\u00e1 5 anos &#8211; contados do ajuizamento da a\u00e7\u00e3o, em 29 de maio de 2017.<\/p>\n<p style=\"text-align: justify\">A respeito de uma poss\u00edvel lentid\u00e3o (por parte da SES), na an\u00e1lise dos requerimentos para o reconhecimento da gratifica\u00e7\u00e3o, o juiz afirmou que a Secretaria de Sa\u00fade \u201cpor demorar injustificadamente ao decidir acerca dos processos, provoca danos materiais aos seus funcion\u00e1rios\u201d e \u201cdesprest\u00edgio a Lei\u201d.<\/p>\n","protected":false},"excerpt":{"rendered":"<p>O juiz Jansen Fialho de Almeida, do Tribunal de Justi\u00e7a do DF (TJDFT) determinou que o Governo do Distrito Federal (GDF) volte a pagar a Gratifica\u00e7\u00e3o por Titula\u00e7\u00e3o (GTIT) aos Enfermeiros, \u201cmediante apresenta\u00e7\u00e3o dos t\u00edtulos acad\u00eamicos e certificados, na forma da Lei (n\u00ba 3320\/2005)\u201d. As gratifica\u00e7\u00f5es ainda devem obedecer o limite de 30% e o [&hellip;]<\/p>\n","protected":false},"author":6,"featured_media":1751,"comment_status":"closed","ping_status":"closed","sticky":false,"template":"","format":"standard","meta":{"footnotes":""},"categories":[6,2],"tags":[],"class_list":["post-1755","post","type-post","status-publish","format-standard","has-post-thumbnail","hentry","category-noticias","category-teste"],"_links":{"self":[{"href":"https:\/\/sindenfermeiro.com.br\/index.php\/wp-json\/wp\/v2\/posts\/1755","targetHints":{"allow":["GET"]}}],"collection":[{"href":"https:\/\/sindenfermeiro.com.br\/index.php\/wp-json\/wp\/v2\/posts"}],"about":[{"href":"https:\/\/sindenfermeiro.com.br\/index.php\/wp-json\/wp\/v2\/types\/post"}],"author":[{"embeddable":true,"href":"https:\/\/sindenfermeiro.com.br\/index.php\/wp-json\/wp\/v2\/users\/6"}],"replies":[{"embeddable":true,"href":"https:\/\/sindenfermeiro.com.br\/index.php\/wp-json\/wp\/v2\/comments?post=1755"}],"version-history":[{"count":1,"href":"https:\/\/sindenfermeiro.com.br\/index.php\/wp-json\/wp\/v2\/posts\/1755\/revisions"}],"predecessor-version":[{"id":32683,"href":"https:\/\/sindenfermeiro.com.br\/index.php\/wp-json\/wp\/v2\/posts\/1755\/revisions\/32683"}],"wp:featuredmedia":[{"embeddable":true,"href":"https:\/\/sindenfermeiro.com.br\/index.php\/wp-json\/"}],"wp:attachment":[{"href":"https:\/\/sindenfermeiro.com.br\/index.php\/wp-json\/wp\/v2\/media?parent=1755"}],"wp:term":[{"taxonomy":"category","embeddable":true,"href":"https:\/\/sindenfermeiro.com.br\/index.php\/wp-json\/wp\/v2\/categories?post=1755"},{"taxonomy":"post_tag","embeddable":true,"href":"https:\/\/sindenfermeiro.com.br\/index.php\/wp-json\/wp\/v2\/tags?post=1755"}],"curies":[{"name":"wp","href":"https:\/\/api.w.org\/{rel}","templated":true}]}}