{"id":1750,"date":"2017-07-28T20:16:06","date_gmt":"2017-07-28T20:16:06","guid":{"rendered":"http:\/\/www.sindenfermeiro.com.br\/?p=1750"},"modified":"2026-04-29T14:26:17","modified_gmt":"2026-04-29T17:26:17","slug":"tribunal-de-contas-acata-pedido-do-sindenfermeiro-por-gratificacao-de-movimentacao","status":"publish","type":"post","link":"https:\/\/sindenfermeiro.com.br\/index.php\/2017\/07\/28\/tribunal-de-contas-acata-pedido-do-sindenfermeiro-por-gratificacao-de-movimentacao\/","title":{"rendered":"Tribunal de Contas acata pedido do SindEnfermeiro por Gratifica\u00e7\u00e3o de Movimenta\u00e7\u00e3o"},"content":{"rendered":"<p style=\"text-align: justify\">O Tribunal de Contas do Distrito Federal (TCDF) acatou solicita\u00e7\u00e3o do Sindicato dos Enfermeiros (SindEnfermeiro-DF) para revisar a suspens\u00e3o do pagamento (Decis\u00e3o n. 2310\/2017) da Gratifica\u00e7\u00e3o de Movimenta\u00e7\u00e3o (GMOV) aos servidores lotados na Administra\u00e7\u00e3o Central da Secretaria de Sa\u00fade do DF (SES).<\/p>\n<p style=\"text-align: justify\">A suspens\u00e3o aconteceu em virtude de representa\u00e7\u00e3o (n\u00ba 26\/15-CF) do Minist\u00e9rio P\u00fablico do Distrito Federal e Territ\u00f3rios (MPDFT) &#8211; junto ao TCDF \u2013 com a alega\u00e7\u00e3o de que poderiam haver \u201cposs\u00edveis irregularidades\u201d nos pagamentos.<\/p>\n<p style=\"text-align: justify\">Com a decis\u00e3o, que contempla a solicita\u00e7\u00e3o do SindEnfermeiro, servidores lotados na Administra\u00e7\u00e3o Central continuam a receber a GMOV normalmente at\u00e9 novo parecer do tribunal.<\/p>\n","protected":false},"excerpt":{"rendered":"<p>O Tribunal de Contas do Distrito Federal (TCDF) acatou solicita\u00e7\u00e3o do Sindicato dos Enfermeiros (SindEnfermeiro-DF) para revisar a suspens\u00e3o do pagamento (Decis\u00e3o n. 2310\/2017) da Gratifica\u00e7\u00e3o de Movimenta\u00e7\u00e3o (GMOV) aos servidores lotados na Administra\u00e7\u00e3o Central da Secretaria de Sa\u00fade do DF (SES). A suspens\u00e3o aconteceu em virtude de representa\u00e7\u00e3o (n\u00ba 26\/15-CF) do Minist\u00e9rio P\u00fablico do [&hellip;]<\/p>\n","protected":false},"author":6,"featured_media":1752,"comment_status":"closed","ping_status":"closed","sticky":false,"template":"","format":"standard","meta":{"footnotes":""},"categories":[6,2],"tags":[],"class_list":["post-1750","post","type-post","status-publish","format-standard","has-post-thumbnail","hentry","category-noticias","category-teste"],"_links":{"self":[{"href":"https:\/\/sindenfermeiro.com.br\/index.php\/wp-json\/wp\/v2\/posts\/1750","targetHints":{"allow":["GET"]}}],"collection":[{"href":"https:\/\/sindenfermeiro.com.br\/index.php\/wp-json\/wp\/v2\/posts"}],"about":[{"href":"https:\/\/sindenfermeiro.com.br\/index.php\/wp-json\/wp\/v2\/types\/post"}],"author":[{"embeddable":true,"href":"https:\/\/sindenfermeiro.com.br\/index.php\/wp-json\/wp\/v2\/users\/6"}],"replies":[{"embeddable":true,"href":"https:\/\/sindenfermeiro.com.br\/index.php\/wp-json\/wp\/v2\/comments?post=1750"}],"version-history":[{"count":1,"href":"https:\/\/sindenfermeiro.com.br\/index.php\/wp-json\/wp\/v2\/posts\/1750\/revisions"}],"predecessor-version":[{"id":32686,"href":"https:\/\/sindenfermeiro.com.br\/index.php\/wp-json\/wp\/v2\/posts\/1750\/revisions\/32686"}],"wp:featuredmedia":[{"embeddable":true,"href":"https:\/\/sindenfermeiro.com.br\/index.php\/wp-json\/"}],"wp:attachment":[{"href":"https:\/\/sindenfermeiro.com.br\/index.php\/wp-json\/wp\/v2\/media?parent=1750"}],"wp:term":[{"taxonomy":"category","embeddable":true,"href":"https:\/\/sindenfermeiro.com.br\/index.php\/wp-json\/wp\/v2\/categories?post=1750"},{"taxonomy":"post_tag","embeddable":true,"href":"https:\/\/sindenfermeiro.com.br\/index.php\/wp-json\/wp\/v2\/tags?post=1750"}],"curies":[{"name":"wp","href":"https:\/\/api.w.org\/{rel}","templated":true}]}}