{"id":1741,"date":"2017-07-24T17:59:42","date_gmt":"2017-07-24T17:59:42","guid":{"rendered":"http:\/\/www.sindenfermeiro.com.br\/?p=1741"},"modified":"2026-04-29T14:24:08","modified_gmt":"2026-04-29T17:24:08","slug":"no-hrt-4-enfemeiros-chegam-a-atender-190-pacientes","status":"publish","type":"post","link":"https:\/\/sindenfermeiro.com.br\/index.php\/2017\/07\/24\/no-hrt-4-enfemeiros-chegam-a-atender-190-pacientes\/","title":{"rendered":"No HRT, 4 enfermeiros chegam a atender 190 pacientes"},"content":{"rendered":"<p style=\"text-align: justify\">Na \u00faltima quinta (20), o SindEnfermeiro esteve no Hospital Regional de Taguatinga (HRT) para uma reuni\u00e3o sobre o d\u00e9ficit de profissionais, o aumento da demanda que chega \u00e0 unidade e a falta de equipamentos. De acordo com profissionais do hospital, pronto-socorro da unidade chega a ter 190 pacientes sob os cuidados de apenas 2 enfermeiros.<\/p>\n<p style=\"text-align: justify\">Servidores do HRT afirmam que a Secretaria de Sa\u00fade n\u00e3o contabiliza o n\u00famero real de recursos humanos, j\u00e1 que \u00f3rg\u00e3o n\u00e3o considera os profissionais restritos. \u201cA secretaria argumenta que temos um RH suficiente. Mas esses servidores est\u00e3o restritos por conta das condi\u00e7\u00f5es de trabalho degradantes. Eles (a secretaria) s\u00f3 consideram os n\u00fameros. Mas n\u00e3o veem que h\u00e1 pessoas doentes trabalhando. Esses profissionais adoecem por conta das condi\u00e7\u00f5es desumanas de trabalho\u201d, afirmou uma servidora.<\/p>\n<div id=\"attachment_1744\" style=\"width: 760px\" class=\"wp-caption aligncenter\"><img loading=\"lazy\" decoding=\"async\" aria-describedby=\"caption-attachment-1744\" class=\"size-full wp-image-1744\" src=\"http:\/\/www.sindenfermeiro.com.br\/wp-content\/uploads\/2017\/07\/hrt.jpg\" alt=\"Reprodu\u00e7\u00e3o: internet\" width=\"750\" height=\"498\" \/><p id=\"caption-attachment-1744\" class=\"wp-caption-text\"><span style=\"font-size: 8pt\">Reprodu\u00e7\u00e3o: internet<\/span><\/p><\/div>\n<p style=\"text-align: justify\">Atualmente, 4 enfermeiros cobrem 8 setores de interna\u00e7\u00e3o.\u00a0Profissionais tamb\u00e9m est\u00e3o sendo escalados em duas cl\u00ednicas rotineiramente. \u201cSe estou de plant\u00e3o nas duas cl\u00ednicas frequentemente, em algum momento posso ser responsabilizada por imper\u00edcia, neglig\u00eancia&#8230; Isso \u00e9 humanamente imposs\u00edvel. Como fica a minha seguran\u00e7a? N\u00e3o temos condi\u00e7\u00f5es de trabalho para prestar a assist\u00eancia devida aos pacientes\u201d, disse uma profissional do hospital.<\/p>\n<p style=\"text-align: justify\">Enfermeiros contam que a falta de RH chega a acarretar em situa\u00e7\u00f5es em que os profissionais de enfermagem precisam fazer servi\u00e7os ligados \u00e0 recep\u00e7\u00e3o do hospital. \u201cA gente est\u00e1 apagando inc\u00eandio e adoecendo. Est\u00e3o colocando nossa profiss\u00e3o e os pacientes em risco. O porteiro me liga para saber se pode deixar algu\u00e9m subir sem documento. N\u00e3o temos respaldo log\u00edstico aqui\u201d, contam.<\/p>\n","protected":false},"excerpt":{"rendered":"<p>Na \u00faltima quinta (20), o SindEnfermeiro esteve no Hospital Regional de Taguatinga (HRT) para uma reuni\u00e3o sobre o d\u00e9ficit de profissionais, o aumento da demanda que chega \u00e0 unidade e a falta de equipamentos. De acordo com profissionais do hospital, pronto-socorro da unidade chega a ter 190 pacientes sob os cuidados de apenas 2 enfermeiros. [&hellip;]<\/p>\n","protected":false},"author":6,"featured_media":1744,"comment_status":"closed","ping_status":"closed","sticky":false,"template":"","format":"standard","meta":{"footnotes":""},"categories":[6,2],"tags":[],"class_list":["post-1741","post","type-post","status-publish","format-standard","has-post-thumbnail","hentry","category-noticias","category-teste"],"_links":{"self":[{"href":"https:\/\/sindenfermeiro.com.br\/index.php\/wp-json\/wp\/v2\/posts\/1741","targetHints":{"allow":["GET"]}}],"collection":[{"href":"https:\/\/sindenfermeiro.com.br\/index.php\/wp-json\/wp\/v2\/posts"}],"about":[{"href":"https:\/\/sindenfermeiro.com.br\/index.php\/wp-json\/wp\/v2\/types\/post"}],"author":[{"embeddable":true,"href":"https:\/\/sindenfermeiro.com.br\/index.php\/wp-json\/wp\/v2\/users\/6"}],"replies":[{"embeddable":true,"href":"https:\/\/sindenfermeiro.com.br\/index.php\/wp-json\/wp\/v2\/comments?post=1741"}],"version-history":[{"count":1,"href":"https:\/\/sindenfermeiro.com.br\/index.php\/wp-json\/wp\/v2\/posts\/1741\/revisions"}],"predecessor-version":[{"id":32677,"href":"https:\/\/sindenfermeiro.com.br\/index.php\/wp-json\/wp\/v2\/posts\/1741\/revisions\/32677"}],"wp:featuredmedia":[{"embeddable":true,"href":"https:\/\/sindenfermeiro.com.br\/index.php\/wp-json\/"}],"wp:attachment":[{"href":"https:\/\/sindenfermeiro.com.br\/index.php\/wp-json\/wp\/v2\/media?parent=1741"}],"wp:term":[{"taxonomy":"category","embeddable":true,"href":"https:\/\/sindenfermeiro.com.br\/index.php\/wp-json\/wp\/v2\/categories?post=1741"},{"taxonomy":"post_tag","embeddable":true,"href":"https:\/\/sindenfermeiro.com.br\/index.php\/wp-json\/wp\/v2\/tags?post=1741"}],"curies":[{"name":"wp","href":"https:\/\/api.w.org\/{rel}","templated":true}]}}