{"id":1729,"date":"2017-07-21T14:23:09","date_gmt":"2017-07-21T14:23:09","guid":{"rendered":"http:\/\/www.sindenfermeiro.com.br\/?p=1729"},"modified":"2026-04-29T14:26:25","modified_gmt":"2026-04-29T17:26:25","slug":"frente-unica-da-enfermagem-defensoria-publica-e-erika-kokay-se-reunem-por-melhorias-na-saude-do-df","status":"publish","type":"post","link":"https:\/\/sindenfermeiro.com.br\/index.php\/2017\/07\/21\/frente-unica-da-enfermagem-defensoria-publica-e-erika-kokay-se-reunem-por-melhorias-na-saude-do-df\/","title":{"rendered":"Frente \u00danica da Enfermagem, Defensoria P\u00fablica e Erika Kokay se re\u00fanem por melhorias na Sa\u00fade do DF"},"content":{"rendered":"<p style=\"text-align: justify\">A Frente \u00danica da Enfermagem (FUEnf) reuniu-se, na \u00faltima quarta (19) com o defensor geral do Distrito Federal (DF), Ricardo Batista, o coordenador do N\u00facleo de Sa\u00fade da Defensoria P\u00fablica do DF, Celestino Chupel, e a deputada federal Erika Kokay (PT-DF).<\/p>\n<p style=\"text-align: justify\">Na pauta, o caos generalizado da Sa\u00fade do DF e o estreitamento entre Frente \u00danica, Defensoria e a parlamentar para a tomada de medidas que buscar\u00e3o melhorias e resolu\u00e7\u00f5es para a situa\u00e7\u00e3o da Sa\u00fade, no Distrito Federal.<\/p>\n<p style=\"text-align: justify\">A Frente \u00danica \u00e9 formada por Sindicato dos Enfermeiros (SindEnfermeiro-DF), dos Auxiliares e T\u00e9cnicos (Sindate-DF), Associa\u00e7\u00e3o Brasileira (ABEn-DF) e Conselho Regional de Enfermagem (Coren-DF). O colegiado tem como objetivo, somar as for\u00e7as e a representatividade das entidades para trabalhar por melhorias na Enfermagem do DF.<\/p>\n<p style=\"text-align: justify\"><img loading=\"lazy\" decoding=\"async\" class=\"aligncenter size-full wp-image-1730\" src=\"http:\/\/www.sindenfermeiro.com.br\/wp-content\/uploads\/2017\/07\/MG_0493.jpg\" alt=\"_MG_0493\" width=\"720\" height=\"480\" \/> <img loading=\"lazy\" decoding=\"async\" class=\"aligncenter size-full wp-image-1731\" src=\"http:\/\/www.sindenfermeiro.com.br\/wp-content\/uploads\/2017\/07\/MG_0516.jpg\" alt=\"_MG_0516\" width=\"720\" height=\"480\" \/><\/p>\n","protected":false},"excerpt":{"rendered":"<p>A Frente \u00danica da Enfermagem (FUEnf) reuniu-se, na \u00faltima quarta (19) com o defensor geral do Distrito Federal (DF), Ricardo Batista, o coordenador do N\u00facleo de Sa\u00fade da Defensoria P\u00fablica do DF, Celestino Chupel, e a deputada federal Erika Kokay (PT-DF). Na pauta, o caos generalizado da Sa\u00fade do DF e o estreitamento entre Frente [&hellip;]<\/p>\n","protected":false},"author":6,"featured_media":1731,"comment_status":"closed","ping_status":"closed","sticky":false,"template":"","format":"standard","meta":{"footnotes":""},"categories":[6,2],"tags":[],"class_list":["post-1729","post","type-post","status-publish","format-standard","has-post-thumbnail","hentry","category-noticias","category-teste"],"_links":{"self":[{"href":"https:\/\/sindenfermeiro.com.br\/index.php\/wp-json\/wp\/v2\/posts\/1729","targetHints":{"allow":["GET"]}}],"collection":[{"href":"https:\/\/sindenfermeiro.com.br\/index.php\/wp-json\/wp\/v2\/posts"}],"about":[{"href":"https:\/\/sindenfermeiro.com.br\/index.php\/wp-json\/wp\/v2\/types\/post"}],"author":[{"embeddable":true,"href":"https:\/\/sindenfermeiro.com.br\/index.php\/wp-json\/wp\/v2\/users\/6"}],"replies":[{"embeddable":true,"href":"https:\/\/sindenfermeiro.com.br\/index.php\/wp-json\/wp\/v2\/comments?post=1729"}],"version-history":[{"count":1,"href":"https:\/\/sindenfermeiro.com.br\/index.php\/wp-json\/wp\/v2\/posts\/1729\/revisions"}],"predecessor-version":[{"id":32671,"href":"https:\/\/sindenfermeiro.com.br\/index.php\/wp-json\/wp\/v2\/posts\/1729\/revisions\/32671"}],"wp:featuredmedia":[{"embeddable":true,"href":"https:\/\/sindenfermeiro.com.br\/index.php\/wp-json\/"}],"wp:attachment":[{"href":"https:\/\/sindenfermeiro.com.br\/index.php\/wp-json\/wp\/v2\/media?parent=1729"}],"wp:term":[{"taxonomy":"category","embeddable":true,"href":"https:\/\/sindenfermeiro.com.br\/index.php\/wp-json\/wp\/v2\/categories?post=1729"},{"taxonomy":"post_tag","embeddable":true,"href":"https:\/\/sindenfermeiro.com.br\/index.php\/wp-json\/wp\/v2\/tags?post=1729"}],"curies":[{"name":"wp","href":"https:\/\/api.w.org\/{rel}","templated":true}]}}