{"id":1684,"date":"2017-07-12T15:22:22","date_gmt":"2017-07-12T15:22:22","guid":{"rendered":"http:\/\/www.sindenfermeiro.com.br\/?p=1684"},"modified":"2026-04-29T14:26:25","modified_gmt":"2026-04-29T17:26:25","slug":"dayse-amarilio-presidente-do-sindicato-dos-enfermeiros-df-estara-no-programa-papo-reto-tvn-brasil-nesta-quinta-13","status":"publish","type":"post","link":"https:\/\/sindenfermeiro.com.br\/index.php\/2017\/07\/12\/dayse-amarilio-presidente-do-sindicato-dos-enfermeiros-df-estara-no-programa-papo-reto-tvn-brasil-nesta-quinta-13\/","title":{"rendered":"Dayse Amar\u00edlio, presidente do Sindicato dos Enfermeiros (DF), estar\u00e1 no Programa Papo Reto (TVN Brasil) nesta Quinta (13)"},"content":{"rendered":"<p>Nesta Quinta-Feira (13) \u00e0s 22 horas, Dayse Amar\u00edlio presidente do Sindicato dos Enfermeiros do Distrito Feral, participar\u00e1 do programa Papo Reto com o Mira da Sa\u00fade, na TVN Brasil. Saiba mais sobre a opini\u00e3o da presidente sobre a reforma trabalhista, Instituto Hospital de Base entre outros assuntos que ser\u00e3o debatidos. Acesse o site e confira: tvnbrasil.com.br<\/p>\n<p><img loading=\"lazy\" decoding=\"async\" class=\"aligncenter size-full wp-image-1685\" src=\"http:\/\/www.sindenfermeiro.com.br\/wp-content\/uploads\/2017\/07\/tv-brasil-entrevista.jpg\" alt=\"tv brasil entrevista\" width=\"900\" height=\"900\" \/><\/p>\n","protected":false},"excerpt":{"rendered":"<p>Nesta Quinta-Feira (13) \u00e0s 22 horas, Dayse Amar\u00edlio presidente do Sindicato dos Enfermeiros do Distrito Feral, participar\u00e1 do programa Papo Reto com o Mira da Sa\u00fade, na TVN Brasil. Saiba mais sobre a opini\u00e3o da presidente sobre a reforma trabalhista, Instituto Hospital de Base entre outros assuntos que ser\u00e3o debatidos. Acesse o site e confira: [&hellip;]<\/p>\n","protected":false},"author":6,"featured_media":1685,"comment_status":"closed","ping_status":"closed","sticky":false,"template":"","format":"standard","meta":{"footnotes":""},"categories":[6,2],"tags":[],"class_list":["post-1684","post","type-post","status-publish","format-standard","has-post-thumbnail","hentry","category-noticias","category-teste"],"_links":{"self":[{"href":"https:\/\/sindenfermeiro.com.br\/index.php\/wp-json\/wp\/v2\/posts\/1684","targetHints":{"allow":["GET"]}}],"collection":[{"href":"https:\/\/sindenfermeiro.com.br\/index.php\/wp-json\/wp\/v2\/posts"}],"about":[{"href":"https:\/\/sindenfermeiro.com.br\/index.php\/wp-json\/wp\/v2\/types\/post"}],"author":[{"embeddable":true,"href":"https:\/\/sindenfermeiro.com.br\/index.php\/wp-json\/wp\/v2\/users\/6"}],"replies":[{"embeddable":true,"href":"https:\/\/sindenfermeiro.com.br\/index.php\/wp-json\/wp\/v2\/comments?post=1684"}],"version-history":[{"count":1,"href":"https:\/\/sindenfermeiro.com.br\/index.php\/wp-json\/wp\/v2\/posts\/1684\/revisions"}],"predecessor-version":[{"id":36763,"href":"https:\/\/sindenfermeiro.com.br\/index.php\/wp-json\/wp\/v2\/posts\/1684\/revisions\/36763"}],"wp:featuredmedia":[{"embeddable":true,"href":"https:\/\/sindenfermeiro.com.br\/index.php\/wp-json\/"}],"wp:attachment":[{"href":"https:\/\/sindenfermeiro.com.br\/index.php\/wp-json\/wp\/v2\/media?parent=1684"}],"wp:term":[{"taxonomy":"category","embeddable":true,"href":"https:\/\/sindenfermeiro.com.br\/index.php\/wp-json\/wp\/v2\/categories?post=1684"},{"taxonomy":"post_tag","embeddable":true,"href":"https:\/\/sindenfermeiro.com.br\/index.php\/wp-json\/wp\/v2\/tags?post=1684"}],"curies":[{"name":"wp","href":"https:\/\/api.w.org\/{rel}","templated":true}]}}