{"id":1675,"date":"2017-07-11T17:54:48","date_gmt":"2017-07-11T17:54:48","guid":{"rendered":"http:\/\/www.sindenfermeiro.com.br\/?p=1675"},"modified":"2026-04-29T14:25:37","modified_gmt":"2026-04-29T17:25:37","slug":"comunicado-horario-especial-de-atendimento-dia-17-de-julho-segunda-feira","status":"publish","type":"post","link":"https:\/\/sindenfermeiro.com.br\/index.php\/2017\/07\/11\/comunicado-horario-especial-de-atendimento-dia-17-de-julho-segunda-feira\/","title":{"rendered":"Comunicado : Hor\u00e1rio especial de atendimento dia 17 de Julho (segunda-feira)"},"content":{"rendered":"<p>O Sindicato dos Enfermeiros de Bras\u00edlia (SindEnfermeiro-DF), informa que seu hor\u00e1rio de atendimento dia 17 de Julho (segunda-feira), ser\u00e1 especialmente de 13 \u00e0s 17 horas.<\/p>\n<p><img loading=\"lazy\" decoding=\"async\" class=\"aligncenter size-full wp-image-1679\" src=\"http:\/\/www.sindenfermeiro.com.br\/wp-content\/uploads\/2017\/07\/comunicado-hor\u00e1rio-1.jpg\" alt=\"comunicado hor\u00e1rio\" width=\"900\" height=\"900\" \/><\/p>\n","protected":false},"excerpt":{"rendered":"<p>O Sindicato dos Enfermeiros de Bras\u00edlia (SindEnfermeiro-DF), informa que seu hor\u00e1rio de atendimento dia 17 de Julho (segunda-feira), ser\u00e1 especialmente de 13 \u00e0s 17 horas.<\/p>\n","protected":false},"author":6,"featured_media":1679,"comment_status":"closed","ping_status":"closed","sticky":false,"template":"","format":"standard","meta":{"footnotes":""},"categories":[6,2],"tags":[],"class_list":["post-1675","post","type-post","status-publish","format-standard","has-post-thumbnail","hentry","category-noticias","category-teste"],"_links":{"self":[{"href":"https:\/\/sindenfermeiro.com.br\/index.php\/wp-json\/wp\/v2\/posts\/1675","targetHints":{"allow":["GET"]}}],"collection":[{"href":"https:\/\/sindenfermeiro.com.br\/index.php\/wp-json\/wp\/v2\/posts"}],"about":[{"href":"https:\/\/sindenfermeiro.com.br\/index.php\/wp-json\/wp\/v2\/types\/post"}],"author":[{"embeddable":true,"href":"https:\/\/sindenfermeiro.com.br\/index.php\/wp-json\/wp\/v2\/users\/6"}],"replies":[{"embeddable":true,"href":"https:\/\/sindenfermeiro.com.br\/index.php\/wp-json\/wp\/v2\/comments?post=1675"}],"version-history":[{"count":1,"href":"https:\/\/sindenfermeiro.com.br\/index.php\/wp-json\/wp\/v2\/posts\/1675\/revisions"}],"predecessor-version":[{"id":32658,"href":"https:\/\/sindenfermeiro.com.br\/index.php\/wp-json\/wp\/v2\/posts\/1675\/revisions\/32658"}],"wp:featuredmedia":[{"embeddable":true,"href":"https:\/\/sindenfermeiro.com.br\/index.php\/wp-json\/"}],"wp:attachment":[{"href":"https:\/\/sindenfermeiro.com.br\/index.php\/wp-json\/wp\/v2\/media?parent=1675"}],"wp:term":[{"taxonomy":"category","embeddable":true,"href":"https:\/\/sindenfermeiro.com.br\/index.php\/wp-json\/wp\/v2\/categories?post=1675"},{"taxonomy":"post_tag","embeddable":true,"href":"https:\/\/sindenfermeiro.com.br\/index.php\/wp-json\/wp\/v2\/tags?post=1675"}],"curies":[{"name":"wp","href":"https:\/\/api.w.org\/{rel}","templated":true}]}}