{"id":1667,"date":"2017-07-10T19:40:35","date_gmt":"2017-07-10T19:40:35","guid":{"rendered":"http:\/\/www.sindenfermeiro.com.br\/?p=1667"},"modified":"2026-04-29T14:26:23","modified_gmt":"2026-04-29T17:26:23","slug":"em-audiencia-publica-no-senado-federal-profissionais-da-enfermagem-defendem-aposentadoria-especial","status":"publish","type":"post","link":"https:\/\/sindenfermeiro.com.br\/index.php\/2017\/07\/10\/em-audiencia-publica-no-senado-federal-profissionais-da-enfermagem-defendem-aposentadoria-especial\/","title":{"rendered":"Em Audi\u00eancia P\u00fablica no Senado Federal, profissionais da Enfermagem defendem aposentadoria especial"},"content":{"rendered":"<p>Nesta segunda-feira (10), a Comiss\u00e3o de Direitos Humanos (CDH), realizou a pedido do senador Paulo Paim (PT-RS), debate sobre o projeto de concess\u00e3o de aposentadoria especial para enfermeiros, t\u00e9cnicos e auxiliares de enfermagem.<\/p>\n<p>A presidente do Sindicato dos Enfermeiros de Bras\u00edlia, Dayse Amar\u00edlio esteve presente entre os convidados, e falou dos grandes riscos tanto f\u00edsicos quanto biol\u00f3gicos que existem para os Enfermeiros. De acordo com ela, a Previd\u00eancia prev\u00ea contribui\u00e7\u00e3o por 49 anos, o que pode acabar refletindo na qualidade de assist\u00eancia prestada ao paciente. \u00a0Dayse Amar\u00edlio cita estudo da Fiocruz, mostrando que os enfermeiros n\u00e3o conseguem atingir 40 anos de contribui\u00e7\u00e3o por conta dos desgastes da profiss\u00e3o.<\/p>\n<p>Foram discutidos tamb\u00e9m pelos convidados, dados da Vigil\u00e2ncia Sanit\u00e1ria de 2015 que mostra percentual de trabalhadores afastados por conta de doen\u00e7as ocupacionais. Entre os afastados por riscos biol\u00f3gicos, foram cerca de 283 mil, sendo que 226 mil s\u00e3o profissionais da \u00e1rea da sa\u00fade.<\/p>\n<p>Lembrando que, o Projeto de Lei do Senado (PLS 349\/2016), estabelece que os profissionais poder\u00e3o se aposentar depois de 25 anos de contribui\u00e7\u00e3o na \u00e1rea de enfermagem, j\u00e1 que a atua\u00e7\u00e3o dos enfermeiros vem de uma natureza especial e insalubre de trabalho.\u00a0 O projeto \u00e9 origin\u00e1rio de uma sugest\u00e3o legislativa da Federa\u00e7\u00e3o Nacional dos Enfermeiros.<\/p>\n<p><img loading=\"lazy\" decoding=\"async\" class=\"aligncenter size-full wp-image-1668\" src=\"http:\/\/www.sindenfermeiro.com.br\/wp-content\/uploads\/2017\/07\/C\u00e9ditos-FOTO-Roque-de-S\u00e1_-Ag\u00eancia-Senado.jpg\" alt=\"C\u00e9ditos FOTO Roque de S\u00e1_ Ag\u00eancia Senado\" width=\"860\" height=\"570\" \/><\/p>\n<p>Cr\u00e9ditos, foto:\u00a0Roque de S\u00e1\/Ag\u00eancia Senado<\/p>\n","protected":false},"excerpt":{"rendered":"<p>Nesta segunda-feira (10), a Comiss\u00e3o de Direitos Humanos (CDH), realizou a pedido do senador Paulo Paim (PT-RS), debate sobre o projeto de concess\u00e3o de aposentadoria especial para enfermeiros, t\u00e9cnicos e auxiliares de enfermagem. A presidente do Sindicato dos Enfermeiros de Bras\u00edlia, Dayse Amar\u00edlio esteve presente entre os convidados, e falou dos grandes riscos tanto f\u00edsicos [&hellip;]<\/p>\n","protected":false},"author":6,"featured_media":1669,"comment_status":"closed","ping_status":"closed","sticky":false,"template":"","format":"standard","meta":{"footnotes":""},"categories":[6,2],"tags":[],"class_list":["post-1667","post","type-post","status-publish","format-standard","has-post-thumbnail","hentry","category-noticias","category-teste"],"_links":{"self":[{"href":"https:\/\/sindenfermeiro.com.br\/index.php\/wp-json\/wp\/v2\/posts\/1667","targetHints":{"allow":["GET"]}}],"collection":[{"href":"https:\/\/sindenfermeiro.com.br\/index.php\/wp-json\/wp\/v2\/posts"}],"about":[{"href":"https:\/\/sindenfermeiro.com.br\/index.php\/wp-json\/wp\/v2\/types\/post"}],"author":[{"embeddable":true,"href":"https:\/\/sindenfermeiro.com.br\/index.php\/wp-json\/wp\/v2\/users\/6"}],"replies":[{"embeddable":true,"href":"https:\/\/sindenfermeiro.com.br\/index.php\/wp-json\/wp\/v2\/comments?post=1667"}],"version-history":[{"count":1,"href":"https:\/\/sindenfermeiro.com.br\/index.php\/wp-json\/wp\/v2\/posts\/1667\/revisions"}],"predecessor-version":[{"id":32656,"href":"https:\/\/sindenfermeiro.com.br\/index.php\/wp-json\/wp\/v2\/posts\/1667\/revisions\/32656"}],"wp:featuredmedia":[{"embeddable":true,"href":"https:\/\/sindenfermeiro.com.br\/index.php\/wp-json\/"}],"wp:attachment":[{"href":"https:\/\/sindenfermeiro.com.br\/index.php\/wp-json\/wp\/v2\/media?parent=1667"}],"wp:term":[{"taxonomy":"category","embeddable":true,"href":"https:\/\/sindenfermeiro.com.br\/index.php\/wp-json\/wp\/v2\/categories?post=1667"},{"taxonomy":"post_tag","embeddable":true,"href":"https:\/\/sindenfermeiro.com.br\/index.php\/wp-json\/wp\/v2\/tags?post=1667"}],"curies":[{"name":"wp","href":"https:\/\/api.w.org\/{rel}","templated":true}]}}