{"id":1655,"date":"2017-07-06T20:28:48","date_gmt":"2017-07-06T20:28:48","guid":{"rendered":"http:\/\/www.sindenfermeiro.com.br\/?p=1655"},"modified":"2026-05-03T05:51:09","modified_gmt":"2026-05-03T08:51:09","slug":"secretaria-de-estado-de-saude-ses-df-emitiu-circular-no-03-2017-que-compensa-as-horas-de-greve-realizadas-em-outubro-e-novembro-de-2016","status":"publish","type":"post","link":"https:\/\/sindenfermeiro.com.br\/index.php\/2017\/07\/06\/secretaria-de-estado-de-saude-ses-df-emitiu-circular-no-03-2017-que-compensa-as-horas-de-greve-realizadas-em-outubro-e-novembro-de-2016\/","title":{"rendered":"Secret\u00e1ria de Estado de Sa\u00fade (SES-DF) emitiu circular n\u00ba 03.2017 que compensa as horas de greve realizadas em outubro e novembro de 2016"},"content":{"rendered":"<p>&nbsp;<\/p>\n<p><strong>\u00a0<\/strong>O SindEnfermeiro-DF, junto com outros sindicatos, estabeleceu Termo de Acordo referente \u00e0s paralisa\u00e7\u00f5es realizadas em outubro e novembro de 2016.<\/p>\n<p>Portanto, de acordo com as\u00a0<strong>Informa\u00e7\u00f5es da circular\u00a0n\u00ba 03.2017<\/strong> \u00a0Enfermeiros, Auxiliares e T\u00e9cnicos de enfermagem, T\u00e9cnicos e Auxiliares em Radiologia do Distrito Federal ,que tem as horas n\u00e3o cumpridas durante as paralisa\u00e7\u00f5es, poder\u00e3o pag\u00e1-las em substitui\u00e7\u00e3o ao cumprimento de horas extras, sendo debitado o n\u00famero de horas no saldo do servidor.\u00a0Ap\u00f3s a compensa\u00e7\u00e3o dessas horas, todas as faltas v\u00e3o ser retiradas.\u00a0\u00a0Os estornos dos valores descontados no\u00a0m\u00eas de julho\/2017, \u00a0ser\u00e3o efetuados pela Ger\u00eancia de Pessoa na folha de pagamento.<\/p>\n<p>Sendo assim, o servidor ser\u00e1 assegurado com o retorno dos benef\u00edcios e vantagens previstas na Lei complementar 840\/2011, que s\u00e3o elas: abono de ponto anual, contagem para licen\u00e7a-pr\u00eamio, adicional de tempo de servi\u00e7o, entre outros.\u00a0O Servidor que aderiu \u00e0 paralisa\u00e7\u00e3o n\u00e3o est\u00e1 autorizado a realizar horas extras at\u00e9 que se tenha cumprido toda a carga horaria relacionada ao movimento grevista.<\/p>\n","protected":false},"excerpt":{"rendered":"<p>&nbsp; \u00a0O SindEnfermeiro-DF, junto com outros sindicatos, estabeleceu Termo de Acordo referente \u00e0s paralisa\u00e7\u00f5es realizadas em outubro e novembro de 2016. Portanto, de acordo com as\u00a0Informa\u00e7\u00f5es da circular\u00a0n\u00ba 03.2017 \u00a0Enfermeiros, Auxiliares e T\u00e9cnicos de enfermagem, T\u00e9cnicos e Auxiliares em Radiologia do Distrito Federal ,que tem as horas n\u00e3o cumpridas durante as paralisa\u00e7\u00f5es, poder\u00e3o pag\u00e1-las em [&hellip;]<\/p>\n","protected":false},"author":6,"featured_media":1659,"comment_status":"closed","ping_status":"closed","sticky":false,"template":"","format":"standard","meta":{"footnotes":""},"categories":[6,2],"tags":[],"class_list":["post-1655","post","type-post","status-publish","format-standard","has-post-thumbnail","hentry","category-noticias","category-teste"],"_links":{"self":[{"href":"https:\/\/sindenfermeiro.com.br\/index.php\/wp-json\/wp\/v2\/posts\/1655","targetHints":{"allow":["GET"]}}],"collection":[{"href":"https:\/\/sindenfermeiro.com.br\/index.php\/wp-json\/wp\/v2\/posts"}],"about":[{"href":"https:\/\/sindenfermeiro.com.br\/index.php\/wp-json\/wp\/v2\/types\/post"}],"author":[{"embeddable":true,"href":"https:\/\/sindenfermeiro.com.br\/index.php\/wp-json\/wp\/v2\/users\/6"}],"replies":[{"embeddable":true,"href":"https:\/\/sindenfermeiro.com.br\/index.php\/wp-json\/wp\/v2\/comments?post=1655"}],"version-history":[{"count":1,"href":"https:\/\/sindenfermeiro.com.br\/index.php\/wp-json\/wp\/v2\/posts\/1655\/revisions"}],"predecessor-version":[{"id":32646,"href":"https:\/\/sindenfermeiro.com.br\/index.php\/wp-json\/wp\/v2\/posts\/1655\/revisions\/32646"}],"wp:featuredmedia":[{"embeddable":true,"href":"https:\/\/sindenfermeiro.com.br\/index.php\/wp-json\/"}],"wp:attachment":[{"href":"https:\/\/sindenfermeiro.com.br\/index.php\/wp-json\/wp\/v2\/media?parent=1655"}],"wp:term":[{"taxonomy":"category","embeddable":true,"href":"https:\/\/sindenfermeiro.com.br\/index.php\/wp-json\/wp\/v2\/categories?post=1655"},{"taxonomy":"post_tag","embeddable":true,"href":"https:\/\/sindenfermeiro.com.br\/index.php\/wp-json\/wp\/v2\/tags?post=1655"}],"curies":[{"name":"wp","href":"https:\/\/api.w.org\/{rel}","templated":true}]}}