{"id":16546,"date":"2019-08-12T17:11:50","date_gmt":"2019-08-12T20:11:50","guid":{"rendered":"http:\/\/sindenfermeiro.com.br\/?p=16546"},"modified":"2026-04-26T17:53:25","modified_gmt":"2026-04-26T20:53:25","slug":"nota-de-repudio-a-declaracao-do-presidente-da-republica-jair-messias-bolsonaro","status":"publish","type":"post","link":"https:\/\/sindenfermeiro.com.br\/index.php\/2019\/08\/12\/nota-de-repudio-a-declaracao-do-presidente-da-republica-jair-messias-bolsonaro\/","title":{"rendered":"NOTA DE REP\u00daDIO \u00c0 DECLARA\u00c7\u00c3O DO PRESIDENTE DA REP\u00daBLICA JAIR MESSIAS BOLSONARO"},"content":{"rendered":"<p>Foto: Google<\/p>\n<p>O Sindicato dos Enfermeiros do Distrito Federal vem, atrav\u00e9s desta nota, manifestar-se acerca da declara\u00e7\u00e3o feita pelo presidente da Rep\u00fablica, Jair Bolsonaro, em entrevista publicada no \u00faltimo dia 05 de agosto \u2013 onde afirma que os m\u00e9dicos cubanos n\u00e3o aprovados no Exame Nacional de Revalida\u00e7\u00e3o de Diplomas M\u00e9dicos (Revalida) deveriam procurar outra profiss\u00e3o, ou atuar como enfermeiros, ganhando menos.<\/p>\n<p>Enquanto entidade representativa da enfermagem, o SindEnfermeiro manifesta seu rep\u00fadio a tal afirma\u00e7\u00e3o, e aproveita a oportunidade para ressaltar que n\u00e3o est\u00e1 entre as atribui\u00e7\u00f5es de um chefe de Estado promover a desinforma\u00e7\u00e3o. Na verdade, \u00e9 de suma import\u00e2ncia que a popula\u00e7\u00e3o brasileira tenha pleno conhecimento de quem \u00e9 o profissional de enfermagem, e a sua import\u00e2ncia no contexto da assist\u00eancia de sa\u00fade.<\/p>\n<p>O exerc\u00edcio da Enfermagem est\u00e1 regulamentado pela Lei Federal 7498\/86 e pelo Decreto 9.4406\/87 \u2013 que estabelece a atua\u00e7\u00e3o privativa aos Enfermeiros, T\u00e9cnicos e Auxiliares de Enfermagem, e Parteiras, al\u00e9m de determinar a obrigatoriedade de forma\u00e7\u00e3o superior ou t\u00e9cnica em institui\u00e7\u00f5es regulamentadas pelo Minist\u00e9rio da Educa\u00e7\u00e3o (MEC).<\/p>\n<p>Portanto, \u00e9 err\u00f4neo afirmar que um profissional oriundo de outra \u00e1rea e sem forma\u00e7\u00e3o espec\u00edfica tenha a possibilidade de exercer plenamente a enfermagem, tendo em vista a demanda por conhecimentos espec\u00edficos que n\u00e3o abrangem o campo da medicina \u2013 desconsiderando seu trabalho na assist\u00eancia direta \u00e0 popula\u00e7\u00e3o, al\u00e9m da import\u00e2ncia na formula\u00e7\u00e3o e execu\u00e7\u00e3o de pol\u00edticas p\u00fablicas no \u00e2mbito da aten\u00e7\u00e3o prim\u00e1ria.<\/p>\n<p>E por fim, a afirma\u00e7\u00e3o atesta, ainda, o n\u00edtido desconhecimento do presidente acerca das atribui\u00e7\u00f5es do enfermeiro, refor\u00e7ando estere\u00f3tipos e preconceitos enraizados em parte da popula\u00e7\u00e3o, al\u00e9m de ignorar e transformar em esc\u00e1rnio a triste realidade vivida pelos profissionais de enfermagem no Brasil \u2013 que vem sofrendo com a falta de valoriza\u00e7\u00e3o, jornadas exaustivas e a retirada progressiva de direitos trabalhistas.<\/p>\n<p>Em diversos pa\u00edses do mundo, a enfermagem \u00e9 vista como uma das profiss\u00f5es mais importantes e valorizadas, enquanto no Brasil o enfermeiro \u00e9 tratado como um profissional de segundo escal\u00e3o. Por isso, \u00e9 nosso dever lutar e n\u00e3o se curvar diante desta onda de desinforma\u00e7\u00e3o.<\/p>\n<p>N\u00f3s temos orgulho de cuidar e de salvar vidas. N\u00f3s temos orgulho de ser enfermeiros.<\/p>\n","protected":false},"excerpt":{"rendered":"<p>Foto: Google O Sindicato dos Enfermeiros do Distrito Federal vem, atrav\u00e9s desta nota, manifestar-se acerca da declara\u00e7\u00e3o feita pelo presidente da Rep\u00fablica, Jair Bolsonaro, em entrevista publicada no \u00faltimo dia 05 de agosto \u2013 onde afirma que os m\u00e9dicos cubanos n\u00e3o aprovados no Exame Nacional de Revalida\u00e7\u00e3o de Diplomas M\u00e9dicos (Revalida) deveriam procurar outra profiss\u00e3o, [&hellip;]<\/p>\n","protected":false},"author":6,"featured_media":16552,"comment_status":"open","ping_status":"open","sticky":false,"template":"","format":"standard","meta":{"footnotes":""},"categories":[6,13,5],"tags":[242,7,330],"class_list":["post-16546","post","type-post","status-publish","format-standard","has-post-thumbnail","hentry","category-noticias","category-rede-privada","category-rede-publica","tag-bolsonaro","tag-enfermagem","tag-presidente"],"_links":{"self":[{"href":"https:\/\/sindenfermeiro.com.br\/index.php\/wp-json\/wp\/v2\/posts\/16546","targetHints":{"allow":["GET"]}}],"collection":[{"href":"https:\/\/sindenfermeiro.com.br\/index.php\/wp-json\/wp\/v2\/posts"}],"about":[{"href":"https:\/\/sindenfermeiro.com.br\/index.php\/wp-json\/wp\/v2\/types\/post"}],"author":[{"embeddable":true,"href":"https:\/\/sindenfermeiro.com.br\/index.php\/wp-json\/wp\/v2\/users\/6"}],"replies":[{"embeddable":true,"href":"https:\/\/sindenfermeiro.com.br\/index.php\/wp-json\/wp\/v2\/comments?post=16546"}],"version-history":[{"count":3,"href":"https:\/\/sindenfermeiro.com.br\/index.php\/wp-json\/wp\/v2\/posts\/16546\/revisions"}],"predecessor-version":[{"id":16588,"href":"https:\/\/sindenfermeiro.com.br\/index.php\/wp-json\/wp\/v2\/posts\/16546\/revisions\/16588"}],"wp:featuredmedia":[{"embeddable":true,"href":"https:\/\/sindenfermeiro.com.br\/index.php\/wp-json\/wp\/v2\/media\/16552"}],"wp:attachment":[{"href":"https:\/\/sindenfermeiro.com.br\/index.php\/wp-json\/wp\/v2\/media?parent=16546"}],"wp:term":[{"taxonomy":"category","embeddable":true,"href":"https:\/\/sindenfermeiro.com.br\/index.php\/wp-json\/wp\/v2\/categories?post=16546"},{"taxonomy":"post_tag","embeddable":true,"href":"https:\/\/sindenfermeiro.com.br\/index.php\/wp-json\/wp\/v2\/tags?post=16546"}],"curies":[{"name":"wp","href":"https:\/\/api.w.org\/{rel}","templated":true}]}}