{"id":1651,"date":"2017-07-04T14:32:30","date_gmt":"2017-07-04T14:32:30","guid":{"rendered":"http:\/\/www.sindenfermeiro.com.br\/?p=1651"},"modified":"2026-04-29T14:33:07","modified_gmt":"2026-04-29T17:33:07","slug":"senado-federal-debatera-a-concessao-de-aposentadoria-especial-para-os-profissionais-enfermeiros","status":"publish","type":"post","link":"https:\/\/sindenfermeiro.com.br\/index.php\/2017\/07\/04\/senado-federal-debatera-a-concessao-de-aposentadoria-especial-para-os-profissionais-enfermeiros\/","title":{"rendered":"Senado Federal debater\u00e1 a Concess\u00e3o de aposentadoria especial para os profissionais Enfermeiros"},"content":{"rendered":"<p>Na pr\u00f3xima segunda-feira (10), ser\u00e1 realizada uma audi\u00eancia p\u00fablica promovida pela Comiss\u00e3o de Assuntos Sociais (CAS), para debater a \u201cconcess\u00e3o de aposentadoria especial para os profissionais Enfermeiros, (PLS 349\/2016)&#8221;. A audi\u00eancia em que a FNE conseguiu, atrav\u00e9s do Senador Paulo Paim, acontecer\u00e1 no plen\u00e1rio n\u00ba 6, da Ala Senador Nilo Coelho, do Senado Federal, \u00e1s 9 horas.<\/p>\n<p>Convidamos todos os enfermeiros para mais uma luta, a participa\u00e7\u00e3o de todos ser\u00e1 muito importante.<\/p>\n<p><img loading=\"lazy\" decoding=\"async\" class=\"aligncenter size-full wp-image-1653\" src=\"http:\/\/www.sindenfermeiro.com.br\/wp-content\/uploads\/2017\/07\/audi\u00eancia-aposentadoria.jpg\" alt=\"audi\u00eancia aposentadoria\" width=\"900\" height=\"900\" \/><\/p>\n","protected":false},"excerpt":{"rendered":"<p>Na pr\u00f3xima segunda-feira (10), ser\u00e1 realizada uma audi\u00eancia p\u00fablica promovida pela Comiss\u00e3o de Assuntos Sociais (CAS), para debater a \u201cconcess\u00e3o de aposentadoria especial para os profissionais Enfermeiros, (PLS 349\/2016)&#8221;. A audi\u00eancia em que a FNE conseguiu, atrav\u00e9s do Senador Paulo Paim, acontecer\u00e1 no plen\u00e1rio n\u00ba 6, da Ala Senador Nilo Coelho, do Senado Federal, \u00e1s [&hellip;]<\/p>\n","protected":false},"author":6,"featured_media":1653,"comment_status":"closed","ping_status":"closed","sticky":false,"template":"","format":"standard","meta":{"footnotes":""},"categories":[6,2],"tags":[],"class_list":["post-1651","post","type-post","status-publish","format-standard","has-post-thumbnail","hentry","category-noticias","category-teste"],"_links":{"self":[{"href":"https:\/\/sindenfermeiro.com.br\/index.php\/wp-json\/wp\/v2\/posts\/1651","targetHints":{"allow":["GET"]}}],"collection":[{"href":"https:\/\/sindenfermeiro.com.br\/index.php\/wp-json\/wp\/v2\/posts"}],"about":[{"href":"https:\/\/sindenfermeiro.com.br\/index.php\/wp-json\/wp\/v2\/types\/post"}],"author":[{"embeddable":true,"href":"https:\/\/sindenfermeiro.com.br\/index.php\/wp-json\/wp\/v2\/users\/6"}],"replies":[{"embeddable":true,"href":"https:\/\/sindenfermeiro.com.br\/index.php\/wp-json\/wp\/v2\/comments?post=1651"}],"version-history":[{"count":1,"href":"https:\/\/sindenfermeiro.com.br\/index.php\/wp-json\/wp\/v2\/posts\/1651\/revisions"}],"predecessor-version":[{"id":32643,"href":"https:\/\/sindenfermeiro.com.br\/index.php\/wp-json\/wp\/v2\/posts\/1651\/revisions\/32643"}],"wp:featuredmedia":[{"embeddable":true,"href":"https:\/\/sindenfermeiro.com.br\/index.php\/wp-json\/"}],"wp:attachment":[{"href":"https:\/\/sindenfermeiro.com.br\/index.php\/wp-json\/wp\/v2\/media?parent=1651"}],"wp:term":[{"taxonomy":"category","embeddable":true,"href":"https:\/\/sindenfermeiro.com.br\/index.php\/wp-json\/wp\/v2\/categories?post=1651"},{"taxonomy":"post_tag","embeddable":true,"href":"https:\/\/sindenfermeiro.com.br\/index.php\/wp-json\/wp\/v2\/tags?post=1651"}],"curies":[{"name":"wp","href":"https:\/\/api.w.org\/{rel}","templated":true}]}}