{"id":1644,"date":"2017-07-03T20:40:46","date_gmt":"2017-07-03T20:40:46","guid":{"rendered":"http:\/\/www.sindenfermeiro.com.br\/?p=1644"},"modified":"2026-04-29T13:17:50","modified_gmt":"2026-04-29T16:17:50","slug":"frente-unica-da-enfermagem-reuniu-se-com-a-deputada-erika-kokay-pt-para-discutir-sobre-o-caos-da-saude-no-df","status":"publish","type":"post","link":"https:\/\/sindenfermeiro.com.br\/index.php\/2017\/07\/03\/frente-unica-da-enfermagem-reuniu-se-com-a-deputada-erika-kokay-pt-para-discutir-sobre-o-caos-da-saude-no-df\/","title":{"rendered":"Frente \u00danica da Enfermagem reuniu-se com a deputada Erika Kokay (PT), para discutir sobre o caos da sa\u00fade no DF"},"content":{"rendered":"<p>&nbsp;<\/p>\n<p><span style=\"font-family: 'Georgia',serif;color: #333333\">Na \u00faltima quinta-feira (29), a Frente \u00danica da Enfermagem reuniu-se com a Deputada Federal Erika Kokay (PT), para tratar a situa\u00e7\u00e3o que se encontra o caos da sa\u00fade no Distrito Federal. Entre os assuntos em pauta, estava o d\u00e9ficit de recursos humanos, em fun\u00e7\u00e3o da falta de investimento no atendimento prec\u00e1rio na rede p\u00fablica do DF. \u00a0Tamb\u00e9m foi discutido sobre os problemas cr\u00edticos no centro obst\u00e9trico do HRT, e principalmente, suas condi\u00e7\u00f5es deplor\u00e1veis no atendimento de urg\u00eancia.\u00a0Na reuni\u00e3o a Deputada Erika Kokay, como membro da Comiss\u00e3o Nacional de Direitos Humanos, afirma que a situa\u00e7\u00e3o se encontra extremamente lament\u00e1vel, ferindo os direitos b\u00e1sicos da popula\u00e7\u00e3o a sa\u00fade.\u00a0<\/span><\/p>\n<p style=\"text-align: start\"><span style=\"font-family: 'Georgia',serif;color: #333333\">A Frente \u00danica da Enfermagem (Fuenf) \u00e9 formada pelo Sindicato dos Enfermeiros (SindEnfermeiro-DF), Auxiliares e T\u00e9cnicos (Sindate-DF), Associa\u00e7\u00e3o Brasileira (ABEn-DF) e o Conselho Regional de Enfermagem (Coren-DF).\u00a0 O Grupo tem como objetivo, somar as for\u00e7as e a representatividade das entidades para trabalhar por melhorias na Enfermagem do Distrito Federal.<\/span><\/p>\n<p><img loading=\"lazy\" decoding=\"async\" class=\"aligncenter size-full wp-image-1646\" src=\"http:\/\/www.sindenfermeiro.com.br\/wp-content\/uploads\/2017\/07\/MG_0449.jpg\" alt=\"_MG_0449\" width=\"720\" height=\"480\" \/><\/p>\n<p><img loading=\"lazy\" decoding=\"async\" class=\"aligncenter size-full wp-image-1647\" src=\"http:\/\/www.sindenfermeiro.com.br\/wp-content\/uploads\/2017\/07\/MG_0458.jpg\" alt=\"_MG_0458\" width=\"720\" height=\"480\" \/><\/p>\n<p><img loading=\"lazy\" decoding=\"async\" class=\"aligncenter size-full wp-image-1645\" src=\"http:\/\/www.sindenfermeiro.com.br\/wp-content\/uploads\/2017\/07\/MG_0420.jpg\" alt=\"_MG_0420\" width=\"720\" height=\"480\" \/><\/p>\n","protected":false},"excerpt":{"rendered":"<p>&nbsp; Na \u00faltima quinta-feira (29), a Frente \u00danica da Enfermagem reuniu-se com a Deputada Federal Erika Kokay (PT), para tratar a situa\u00e7\u00e3o que se encontra o caos da sa\u00fade no Distrito Federal. Entre os assuntos em pauta, estava o d\u00e9ficit de recursos humanos, em fun\u00e7\u00e3o da falta de investimento no atendimento prec\u00e1rio na rede p\u00fablica [&hellip;]<\/p>\n","protected":false},"author":6,"featured_media":1645,"comment_status":"closed","ping_status":"closed","sticky":false,"template":"","format":"standard","meta":{"footnotes":""},"categories":[6,2],"tags":[],"class_list":["post-1644","post","type-post","status-publish","format-standard","has-post-thumbnail","hentry","category-noticias","category-teste"],"_links":{"self":[{"href":"https:\/\/sindenfermeiro.com.br\/index.php\/wp-json\/wp\/v2\/posts\/1644","targetHints":{"allow":["GET"]}}],"collection":[{"href":"https:\/\/sindenfermeiro.com.br\/index.php\/wp-json\/wp\/v2\/posts"}],"about":[{"href":"https:\/\/sindenfermeiro.com.br\/index.php\/wp-json\/wp\/v2\/types\/post"}],"author":[{"embeddable":true,"href":"https:\/\/sindenfermeiro.com.br\/index.php\/wp-json\/wp\/v2\/users\/6"}],"replies":[{"embeddable":true,"href":"https:\/\/sindenfermeiro.com.br\/index.php\/wp-json\/wp\/v2\/comments?post=1644"}],"version-history":[{"count":1,"href":"https:\/\/sindenfermeiro.com.br\/index.php\/wp-json\/wp\/v2\/posts\/1644\/revisions"}],"predecessor-version":[{"id":32642,"href":"https:\/\/sindenfermeiro.com.br\/index.php\/wp-json\/wp\/v2\/posts\/1644\/revisions\/32642"}],"wp:featuredmedia":[{"embeddable":true,"href":"https:\/\/sindenfermeiro.com.br\/index.php\/wp-json\/"}],"wp:attachment":[{"href":"https:\/\/sindenfermeiro.com.br\/index.php\/wp-json\/wp\/v2\/media?parent=1644"}],"wp:term":[{"taxonomy":"category","embeddable":true,"href":"https:\/\/sindenfermeiro.com.br\/index.php\/wp-json\/wp\/v2\/categories?post=1644"},{"taxonomy":"post_tag","embeddable":true,"href":"https:\/\/sindenfermeiro.com.br\/index.php\/wp-json\/wp\/v2\/tags?post=1644"}],"curies":[{"name":"wp","href":"https:\/\/api.w.org\/{rel}","templated":true}]}}