{"id":1641,"date":"2017-06-29T23:04:23","date_gmt":"2017-06-29T23:04:23","guid":{"rendered":"http:\/\/www.sindenfermeiro.com.br\/?p=1641"},"modified":"2026-04-29T13:15:06","modified_gmt":"2026-04-29T16:15:06","slug":"greve-geral","status":"publish","type":"post","link":"https:\/\/sindenfermeiro.com.br\/index.php\/2017\/06\/29\/greve-geral\/","title":{"rendered":"Greve Geral"},"content":{"rendered":"<p>Nessa sexta (30), cidad\u00e3os e trabalhadores se unem contra as reformas e a retirada de direitos propostas pelo Governo Federal.<\/p>\n<p>N\u00e3o ao desmonte das conquistas trabalhistas e previdenci\u00e1ria!<\/p>\n<p><strong>Resist\u00eancia<\/strong><\/p>\n<p>Voc\u00ea, enfermeiro, pare e debata sobre as viola\u00e7\u00f5es que o Governo Temer tem cometido com o povo e o trabalhador brasileiro!<\/p>\n<div class=\"text_exposed_show\">\n<p>Por um Brasil cidad\u00e3o!<br \/>\nJuntos Somos Mais Fortes!<\/p>\n<p><img loading=\"lazy\" decoding=\"async\" class=\"aligncenter size-full wp-image-1642\" src=\"http:\/\/www.sindenfermeiro.com.br\/wp-content\/uploads\/2017\/06\/19553124_1301575913273978_1466466714_n.jpg\" alt=\"19553124_1301575913273978_1466466714_n\" width=\"900\" height=\"900\" \/><\/p>\n<\/div>\n","protected":false},"excerpt":{"rendered":"<p>Nessa sexta (30), cidad\u00e3os e trabalhadores se unem contra as reformas e a retirada de direitos propostas pelo Governo Federal. N\u00e3o ao desmonte das conquistas trabalhistas e previdenci\u00e1ria! Resist\u00eancia Voc\u00ea, enfermeiro, pare e debata sobre as viola\u00e7\u00f5es que o Governo Temer tem cometido com o povo e o trabalhador brasileiro! Por um Brasil cidad\u00e3o! Juntos [&hellip;]<\/p>\n","protected":false},"author":6,"featured_media":1642,"comment_status":"closed","ping_status":"closed","sticky":false,"template":"","format":"standard","meta":{"footnotes":""},"categories":[6,2],"tags":[],"class_list":["post-1641","post","type-post","status-publish","format-standard","has-post-thumbnail","hentry","category-noticias","category-teste"],"_links":{"self":[{"href":"https:\/\/sindenfermeiro.com.br\/index.php\/wp-json\/wp\/v2\/posts\/1641","targetHints":{"allow":["GET"]}}],"collection":[{"href":"https:\/\/sindenfermeiro.com.br\/index.php\/wp-json\/wp\/v2\/posts"}],"about":[{"href":"https:\/\/sindenfermeiro.com.br\/index.php\/wp-json\/wp\/v2\/types\/post"}],"author":[{"embeddable":true,"href":"https:\/\/sindenfermeiro.com.br\/index.php\/wp-json\/wp\/v2\/users\/6"}],"replies":[{"embeddable":true,"href":"https:\/\/sindenfermeiro.com.br\/index.php\/wp-json\/wp\/v2\/comments?post=1641"}],"version-history":[{"count":1,"href":"https:\/\/sindenfermeiro.com.br\/index.php\/wp-json\/wp\/v2\/posts\/1641\/revisions"}],"predecessor-version":[{"id":32633,"href":"https:\/\/sindenfermeiro.com.br\/index.php\/wp-json\/wp\/v2\/posts\/1641\/revisions\/32633"}],"wp:featuredmedia":[{"embeddable":true,"href":"https:\/\/sindenfermeiro.com.br\/index.php\/wp-json\/"}],"wp:attachment":[{"href":"https:\/\/sindenfermeiro.com.br\/index.php\/wp-json\/wp\/v2\/media?parent=1641"}],"wp:term":[{"taxonomy":"category","embeddable":true,"href":"https:\/\/sindenfermeiro.com.br\/index.php\/wp-json\/wp\/v2\/categories?post=1641"},{"taxonomy":"post_tag","embeddable":true,"href":"https:\/\/sindenfermeiro.com.br\/index.php\/wp-json\/wp\/v2\/tags?post=1641"}],"curies":[{"name":"wp","href":"https:\/\/api.w.org\/{rel}","templated":true}]}}