{"id":1635,"date":"2017-06-28T14:41:21","date_gmt":"2017-06-28T14:41:21","guid":{"rendered":"http:\/\/www.sindenfermeiro.com.br\/?p=1635"},"modified":"2026-04-29T14:28:55","modified_gmt":"2026-04-29T17:28:55","slug":"na-camara-legislativa-comissao-de-orcamento-aprova-convocacao-de-500-para-2018","status":"publish","type":"post","link":"https:\/\/sindenfermeiro.com.br\/index.php\/2017\/06\/28\/na-camara-legislativa-comissao-de-orcamento-aprova-convocacao-de-500-para-2018\/","title":{"rendered":"Na C\u00e2mara Legislativa, Comiss\u00e3o de Or\u00e7amento aprova convoca\u00e7\u00e3o de 500 para 2018"},"content":{"rendered":"<p style=\"text-align: justify\">Na \u00faltima ter\u00e7a (27), a Comiss\u00e3o de Economia, Or\u00e7amento e Finan\u00e7as (CEOF) da C\u00e2mara Legislativa aprovou emenda \u00e0 Lei de Diretrizes Or\u00e7ament\u00e1rias (LDO) de 2018 para que sejam chamados 500 enfermeiros, com objetivo de estabilizar o d\u00e9ficit de recursos humanos da categoria, na Secretaria de Sa\u00fade (SES).<\/p>\n<p style=\"text-align: justify\">O Sindenfermeiro, juntamente com o deputado Bispo Renato (PR), protocolou a emenda, na CEOF. O projeto enviado pelo Executivo previa a convoca\u00e7\u00e3o de apenas 20 profissionais (o que n\u00e3o chegaria perto de cobrir nem as vac\u00e2ncias).<\/p>\n<p style=\"text-align: justify\">A proposta para a LDO (PL 1.569\/2017) agora passar\u00e1 pela an\u00e1lise do plen\u00e1rio da Casa e deve ser votado at\u00e9 o pr\u00f3ximo dia 30 de junho.<\/p>\n<div id=\"attachment_1636\" style=\"width: 730px\" class=\"wp-caption aligncenter\"><img loading=\"lazy\" decoding=\"async\" aria-describedby=\"caption-attachment-1636\" class=\"size-full wp-image-1636\" src=\"http:\/\/www.sindenfermeiro.com.br\/wp-content\/uploads\/2017\/06\/MG_0334.jpg\" alt=\"Comiss\u00e3o de Economia, Or\u00e7amento e Finan\u00e7as (CEOF) da C\u00e2mara Legislativa aprova emenda \u00e0 Lei de Diretrizes Or\u00e7ament\u00e1rias (LDO) de 2018. Proposta prev\u00ea convoca\u00e7\u00e3o de 500 enfermeiros\" width=\"720\" height=\"480\" \/><p id=\"caption-attachment-1636\" class=\"wp-caption-text\"><em>Comiss\u00e3o de Economia, Or\u00e7amento e Finan\u00e7as (CEOF) da C\u00e2mara Legislativa aprova emenda \u00e0 Lei de Diretrizes Or\u00e7ament\u00e1rias (LDO) de 2018. Proposta prev\u00ea convoca\u00e7\u00e3o de 500 enfermeiros<\/em><\/p><\/div>\n","protected":false},"excerpt":{"rendered":"<p>Na \u00faltima ter\u00e7a (27), a Comiss\u00e3o de Economia, Or\u00e7amento e Finan\u00e7as (CEOF) da C\u00e2mara Legislativa aprovou emenda \u00e0 Lei de Diretrizes Or\u00e7ament\u00e1rias (LDO) de 2018 para que sejam chamados 500 enfermeiros, com objetivo de estabilizar o d\u00e9ficit de recursos humanos da categoria, na Secretaria de Sa\u00fade (SES). O Sindenfermeiro, juntamente com o deputado Bispo Renato [&hellip;]<\/p>\n","protected":false},"author":6,"featured_media":1636,"comment_status":"closed","ping_status":"closed","sticky":false,"template":"","format":"standard","meta":{"footnotes":""},"categories":[6,2],"tags":[],"class_list":["post-1635","post","type-post","status-publish","format-standard","has-post-thumbnail","hentry","category-noticias","category-teste"],"_links":{"self":[{"href":"https:\/\/sindenfermeiro.com.br\/index.php\/wp-json\/wp\/v2\/posts\/1635","targetHints":{"allow":["GET"]}}],"collection":[{"href":"https:\/\/sindenfermeiro.com.br\/index.php\/wp-json\/wp\/v2\/posts"}],"about":[{"href":"https:\/\/sindenfermeiro.com.br\/index.php\/wp-json\/wp\/v2\/types\/post"}],"author":[{"embeddable":true,"href":"https:\/\/sindenfermeiro.com.br\/index.php\/wp-json\/wp\/v2\/users\/6"}],"replies":[{"embeddable":true,"href":"https:\/\/sindenfermeiro.com.br\/index.php\/wp-json\/wp\/v2\/comments?post=1635"}],"version-history":[{"count":1,"href":"https:\/\/sindenfermeiro.com.br\/index.php\/wp-json\/wp\/v2\/posts\/1635\/revisions"}],"predecessor-version":[{"id":32618,"href":"https:\/\/sindenfermeiro.com.br\/index.php\/wp-json\/wp\/v2\/posts\/1635\/revisions\/32618"}],"wp:featuredmedia":[{"embeddable":true,"href":"https:\/\/sindenfermeiro.com.br\/index.php\/wp-json\/"}],"wp:attachment":[{"href":"https:\/\/sindenfermeiro.com.br\/index.php\/wp-json\/wp\/v2\/media?parent=1635"}],"wp:term":[{"taxonomy":"category","embeddable":true,"href":"https:\/\/sindenfermeiro.com.br\/index.php\/wp-json\/wp\/v2\/categories?post=1635"},{"taxonomy":"post_tag","embeddable":true,"href":"https:\/\/sindenfermeiro.com.br\/index.php\/wp-json\/wp\/v2\/tags?post=1635"}],"curies":[{"name":"wp","href":"https:\/\/api.w.org\/{rel}","templated":true}]}}