{"id":1628,"date":"2017-06-23T15:33:15","date_gmt":"2017-06-23T15:33:15","guid":{"rendered":"http:\/\/www.sindenfermeiro.com.br\/?p=1628"},"modified":"2026-04-29T13:17:06","modified_gmt":"2026-04-29T16:17:06","slug":"nem-na-oracao-nem-na-bala-pagamento-de-horas-extras-dos-proximos-6-meses-esta-ameacado","status":"publish","type":"post","link":"https:\/\/sindenfermeiro.com.br\/index.php\/2017\/06\/23\/nem-na-oracao-nem-na-bala-pagamento-de-horas-extras-dos-proximos-6-meses-esta-ameacado\/","title":{"rendered":"Nem na ora\u00e7\u00e3o, nem na bala: Pagamento de horas-extras dos pr\u00f3ximos 6 meses est\u00e1 amea\u00e7ado"},"content":{"rendered":"<p style=\"text-align: justify\">Na \u00faltima quinta (22), o Sindicato dos Enfermeiros do Distrito Federal (SindEnfermeiro-DF) e demais sindicatos reuniram-se com a Secretaria de Sa\u00fade (SES) para tratar do pagamento das horas-extras e pec\u00fanias dos aposentados.<\/p>\n<p style=\"text-align: justify\">Na reuni\u00e3o, intermediada pelos deputados Bispo Renato (PR) e Wellington Luiz (PMDB), o secret\u00e1rio-adjunto de sa\u00fade, Ismael Alexandrino afirmou que o servidor que fizer hora-extra de julho em diante, corre o risco de n\u00e3o receber por isso em 2017, por falta de verba. O secret\u00e1rio-adjunto disse que o pagamento desses valores s\u00f3 poderia ser feito de 2018 pra frente.<\/p>\n<p style=\"text-align: justify\">Por esse motivo &#8211; considerando que o or\u00e7amento de 2017 tem um d\u00e9ficit de 2 bilh\u00f5es e que o valor previsto para 2018 \u00e9 ainda menor do que para o atual ano -, o SindEnfermeiro recomenda que n\u00e3o sejam feitas horas-extras de julho em diante. O sindicato entende que \u00e9 grande a possibilidade de esses valores ca\u00edrem em exerc\u00edcio findo e n\u00e3o serem pagos (a depender da vontade do Executivo). O SindEnfermeiro alerta que, caso o servidor opte por realizar horas-extras a partir de julho, esteja ciente do posicionamento da Secretaria de Sa\u00fade em rela\u00e7\u00e3o aos pagamentos.<\/p>\n<p style=\"text-align: justify\"><img loading=\"lazy\" decoding=\"async\" class=\"aligncenter size-full wp-image-1630\" src=\"http:\/\/www.sindenfermeiro.com.br\/wp-content\/uploads\/2017\/06\/WhatsApp-Image-2017-06-22-at-17.26.42.jpeg\" alt=\"WhatsApp Image 2017-06-22 at 17.26.42\" width=\"754\" height=\"565\" \/><\/p>\n<p style=\"text-align: justify\"><strong>Valores pagos ainda em 2017<\/strong><\/p>\n<p style=\"text-align: justify\">Durante a reuni\u00e3o, Ismael Alexandrino afirmou que os valores referentes a janeiro e fevereiro de 2017 (mais de 20 milh\u00f5es) j\u00e1 est\u00e3o empenhados e devem ser pagos assim que a Secretaria de Fazenda der aval. O m\u00eas de mar\u00e7o (aproximadamente 10 milh\u00f5es) ainda n\u00e3o foi enviado para pagamento. No entanto, ainda de acordo com Alexandrino, isso deve acontecer at\u00e9 o fim de junho.<\/p>\n<p style=\"text-align: justify\"><strong>Pec\u00fanias<\/strong><\/p>\n<p style=\"text-align: justify\">Ismael Alexandrino afirmou tamb\u00e9m n\u00e3o haver um prazo para o pagamento das pec\u00fanias de aposentados. Entretanto, o SindEnfermeiro questionou o secret\u00e1rio-adjunto sobre a n\u00e3o utiliza\u00e7\u00e3o do Iprev, por parte do Governo do Distrito Federal, para quitar a d\u00edvida com os aposentados.<\/p>\n<p style=\"text-align: justify\">Alexandrino afirmou ent\u00e3o que, na semana que vem, haver\u00e1 uma reuni\u00e3o pra tratar exclusivamente do assunto.<\/p>\n<p style=\"text-align: justify\"><img loading=\"lazy\" decoding=\"async\" class=\"aligncenter size-full wp-image-1631\" src=\"http:\/\/www.sindenfermeiro.com.br\/wp-content\/uploads\/2017\/06\/WhatsApp-Image-2017-06-23-at-10.45.04.jpeg\" alt=\"WhatsApp Image 2017-06-23 at 10.45.04\" width=\"1032\" height=\"581\" \/><\/p>\n<p style=\"text-align: justify\"><strong>Convoca\u00e7\u00e3o de concursados<\/strong><\/p>\n<p style=\"text-align: justify\">A not\u00edcia positiva fica por conta da convoca\u00e7\u00e3o de concursados ainda em 2017. A Secretaria de Sa\u00fade assumiu o compromisso (que, na verdade, trata-se de uma \u00a0obriga\u00e7\u00e3o do \u00f3rg\u00e3o) de chamar todas as vagas previstas no \u00faltimo concurso, at\u00e9 o fim desse ano.<\/p>\n<p>O SindEnfermeiro seguir\u00e1 acompanhando o caso de perto.<\/p>\n","protected":false},"excerpt":{"rendered":"<p>Na \u00faltima quinta (22), o Sindicato dos Enfermeiros do Distrito Federal (SindEnfermeiro-DF) e demais sindicatos reuniram-se com a Secretaria de Sa\u00fade (SES) para tratar do pagamento das horas-extras e pec\u00fanias dos aposentados. Na reuni\u00e3o, intermediada pelos deputados Bispo Renato (PR) e Wellington Luiz (PMDB), o secret\u00e1rio-adjunto de sa\u00fade, Ismael Alexandrino afirmou que o servidor que [&hellip;]<\/p>\n","protected":false},"author":6,"featured_media":1631,"comment_status":"closed","ping_status":"closed","sticky":false,"template":"","format":"standard","meta":{"footnotes":""},"categories":[6,2],"tags":[],"class_list":["post-1628","post","type-post","status-publish","format-standard","has-post-thumbnail","hentry","category-noticias","category-teste"],"_links":{"self":[{"href":"https:\/\/sindenfermeiro.com.br\/index.php\/wp-json\/wp\/v2\/posts\/1628","targetHints":{"allow":["GET"]}}],"collection":[{"href":"https:\/\/sindenfermeiro.com.br\/index.php\/wp-json\/wp\/v2\/posts"}],"about":[{"href":"https:\/\/sindenfermeiro.com.br\/index.php\/wp-json\/wp\/v2\/types\/post"}],"author":[{"embeddable":true,"href":"https:\/\/sindenfermeiro.com.br\/index.php\/wp-json\/wp\/v2\/users\/6"}],"replies":[{"embeddable":true,"href":"https:\/\/sindenfermeiro.com.br\/index.php\/wp-json\/wp\/v2\/comments?post=1628"}],"version-history":[{"count":1,"href":"https:\/\/sindenfermeiro.com.br\/index.php\/wp-json\/wp\/v2\/posts\/1628\/revisions"}],"predecessor-version":[{"id":26692,"href":"https:\/\/sindenfermeiro.com.br\/index.php\/wp-json\/wp\/v2\/posts\/1628\/revisions\/26692"}],"wp:featuredmedia":[{"embeddable":true,"href":"https:\/\/sindenfermeiro.com.br\/index.php\/wp-json\/"}],"wp:attachment":[{"href":"https:\/\/sindenfermeiro.com.br\/index.php\/wp-json\/wp\/v2\/media?parent=1628"}],"wp:term":[{"taxonomy":"category","embeddable":true,"href":"https:\/\/sindenfermeiro.com.br\/index.php\/wp-json\/wp\/v2\/categories?post=1628"},{"taxonomy":"post_tag","embeddable":true,"href":"https:\/\/sindenfermeiro.com.br\/index.php\/wp-json\/wp\/v2\/tags?post=1628"}],"curies":[{"name":"wp","href":"https:\/\/api.w.org\/{rel}","templated":true}]}}