{"id":1625,"date":"2017-06-22T20:36:39","date_gmt":"2017-06-22T20:36:39","guid":{"rendered":"http:\/\/www.sindenfermeiro.com.br\/?p=1625"},"modified":"2026-04-29T13:27:20","modified_gmt":"2026-04-29T16:27:20","slug":"sindenfermeiro-apresenta-emenda-pra-convocacao-de-500-enfermeiros-em-2018","status":"publish","type":"post","link":"https:\/\/sindenfermeiro.com.br\/index.php\/2017\/06\/22\/sindenfermeiro-apresenta-emenda-pra-convocacao-de-500-enfermeiros-em-2018\/","title":{"rendered":"SindEnfermeiro apresenta emenda pra convoca\u00e7\u00e3o de 500 enfermeiros em 2018"},"content":{"rendered":"<p>O Sindenfermeiro, juntamente com o deputado Bispo Renato (PR), protocolou emenda para a Lei de Diretrizes Or\u00e7ament\u00e1rias (LDO) de 2018. Sindicato e parlamentar solicitam que 500 enfermeiros sejam chamados para cobrir o d\u00e9ficit de recursos humanos da secretaria de sa\u00fade. A vota\u00e7\u00e3o da emenda ser\u00e1 na pr\u00f3xima ter\u00e7a (27), \u00e0s 10h, na Comiss\u00e3o de Economia, Or\u00e7amento e Finan\u00e7as (CEOF) da C\u00e2mara Legislativa.<\/p>\n<p><img loading=\"lazy\" decoding=\"async\" class=\"aligncenter size-full wp-image-1626\" src=\"http:\/\/www.sindenfermeiro.com.br\/wp-content\/uploads\/2017\/06\/MG_0271.jpg\" alt=\"_MG_0271\" width=\"720\" height=\"480\" \/><\/p>\n","protected":false},"excerpt":{"rendered":"<p>O Sindenfermeiro, juntamente com o deputado Bispo Renato (PR), protocolou emenda para a Lei de Diretrizes Or\u00e7ament\u00e1rias (LDO) de 2018. Sindicato e parlamentar solicitam que 500 enfermeiros sejam chamados para cobrir o d\u00e9ficit de recursos humanos da secretaria de sa\u00fade. A vota\u00e7\u00e3o da emenda ser\u00e1 na pr\u00f3xima ter\u00e7a (27), \u00e0s 10h, na Comiss\u00e3o de Economia, [&hellip;]<\/p>\n","protected":false},"author":6,"featured_media":1626,"comment_status":"closed","ping_status":"closed","sticky":false,"template":"","format":"standard","meta":{"footnotes":""},"categories":[6,2],"tags":[],"class_list":["post-1625","post","type-post","status-publish","format-standard","has-post-thumbnail","hentry","category-noticias","category-teste"],"_links":{"self":[{"href":"https:\/\/sindenfermeiro.com.br\/index.php\/wp-json\/wp\/v2\/posts\/1625","targetHints":{"allow":["GET"]}}],"collection":[{"href":"https:\/\/sindenfermeiro.com.br\/index.php\/wp-json\/wp\/v2\/posts"}],"about":[{"href":"https:\/\/sindenfermeiro.com.br\/index.php\/wp-json\/wp\/v2\/types\/post"}],"author":[{"embeddable":true,"href":"https:\/\/sindenfermeiro.com.br\/index.php\/wp-json\/wp\/v2\/users\/6"}],"replies":[{"embeddable":true,"href":"https:\/\/sindenfermeiro.com.br\/index.php\/wp-json\/wp\/v2\/comments?post=1625"}],"version-history":[{"count":1,"href":"https:\/\/sindenfermeiro.com.br\/index.php\/wp-json\/wp\/v2\/posts\/1625\/revisions"}],"predecessor-version":[{"id":32609,"href":"https:\/\/sindenfermeiro.com.br\/index.php\/wp-json\/wp\/v2\/posts\/1625\/revisions\/32609"}],"wp:featuredmedia":[{"embeddable":true,"href":"https:\/\/sindenfermeiro.com.br\/index.php\/wp-json\/"}],"wp:attachment":[{"href":"https:\/\/sindenfermeiro.com.br\/index.php\/wp-json\/wp\/v2\/media?parent=1625"}],"wp:term":[{"taxonomy":"category","embeddable":true,"href":"https:\/\/sindenfermeiro.com.br\/index.php\/wp-json\/wp\/v2\/categories?post=1625"},{"taxonomy":"post_tag","embeddable":true,"href":"https:\/\/sindenfermeiro.com.br\/index.php\/wp-json\/wp\/v2\/tags?post=1625"}],"curies":[{"name":"wp","href":"https:\/\/api.w.org\/{rel}","templated":true}]}}