{"id":1617,"date":"2017-06-19T20:50:31","date_gmt":"2017-06-19T20:50:31","guid":{"rendered":"http:\/\/www.sindenfermeiro.com.br\/?p=1617"},"modified":"2026-04-29T14:29:21","modified_gmt":"2026-04-29T17:29:21","slug":"carta-de-repudio-aos-atos-do-governador-do-distrito-federal","status":"publish","type":"post","link":"https:\/\/sindenfermeiro.com.br\/index.php\/2017\/06\/19\/carta-de-repudio-aos-atos-do-governador-do-distrito-federal\/","title":{"rendered":"Carta de rep\u00fadio aos atos do governador do Distrito Federal"},"content":{"rendered":"<p style=\"text-align: justify\">Circula, na internet, v\u00eddeo em que o governador do Distrito Federal, Rodrigo Rollemberg, ataca sindicatos. No v\u00eddeo, Rollemberg nos responsabiliza pelo caos atual do sistema de sa\u00fade do DF. Na filmagem, realizada durante entrega de escritura de im\u00f3veis, no Sol Nascente, Rollemberg aproveita-se da humildade e da necessidade dos moradores da regi\u00e3o &#8211; que est\u00e3o ali na tentativa de garantir que suas casas n\u00e3o sejam derrubadas pela AGEFIS -, e inflama os presentes contra os sindicalistas: A velha t\u00e1tica eleitoreira e coronelista de \u201cdar lotes\u201d para garantir a elei\u00e7\u00e3o futura.<\/p>\n<p style=\"text-align: justify\">Rollemberg diz nunca ter sido procurado pelos sindicatos para discutir melhorias para a sa\u00fade da popula\u00e7\u00e3o e que os sindicalistas s\u00f3 o procuram em busca de benef\u00edcios pr\u00f3prios. Mentira! Por diversas vezes, os sindicatos procuraram os secret\u00e1rios de Sa\u00fade e da Casa Civil, Humberto Fonseca e S\u00e9rgio Sampaio, al\u00e9m do pr\u00f3prio governador, para discutir a organiza\u00e7\u00e3o do sistema de sa\u00fade, em busca de melhor acesso e de condi\u00e7\u00f5es dignas para popula\u00e7\u00e3o trabalhadores do Distrito Federal.<\/p>\n<p style=\"text-align: justify\">Vamos deixar algo muito claro aqui: em quase 3 anos, o governador nunca recebeu os sindicatos para conversar sobre a sa\u00fade do DF. Nunca. Sempre servimos \u00e0 secretaria de sa\u00fade. Conhecemos os problemas e gargalos criados pelo governo para que o sistema n\u00e3o funcione. Sempre fomos enf\u00e1ticos ao lembrar que o principal problema \u00e9 a gest\u00e3o. E quem \u00e9 o principal respons\u00e1vel pela gest\u00e3o da sa\u00fade do Distrito Federal se n\u00e3o o GDF?<\/p>\n<p style=\"text-align: justify\">Cabe lembrar que o sindicato n\u00e3o busca benef\u00edcio pr\u00f3prio. Somos uma institui\u00e7\u00e3o que representa a classe mais vulner\u00e1vel da rela\u00e7\u00e3o de trabalho: o trabalhador. No caso de n\u00f3s, sindicato da sa\u00fade, protegemos servidores que lidam, diretamente, com a vida do cidad\u00e3o. Portanto, quando travamos uma luta por melhores condi\u00e7\u00f5es de trabalho e por melhorias no sistema, consequentemente, estamos lutando pelo direito do cidad\u00e3o de ter acesso igualit\u00e1rio e digno \u00e0 sa\u00fade.<\/p>\n<p style=\"text-align: justify\">Rollemberg chega ao c\u00famulo de dizer que sindicalistas recebem sem trabalhar. Mentira! A grande maioria dos diretores permanecem em suas atividades laborais normais e, nas horas vagas, deixam o conv\u00edvio com fam\u00edlia e amigos, para lutarem por melhores condi\u00e7\u00f5es de trabalho e de atendimento aos servidores e pacientes. Em geral, menos de 10% dos diretores sindicais s\u00e3o dispensados de suas atividades para representar sua categoria.<\/p>\n<p style=\"text-align: justify\">O sindicalismo \u00e9 o pleno exerc\u00edcio da participa\u00e7\u00e3o social dos trabalhadores, na sa\u00fade oferecida ao cidad\u00e3o. \u00c9 o dirigente sindical que representa todos os trabalhadores da sa\u00fade esmagados, por anos, pela incompet\u00eancia administrativa de diversos governos, assim como a do atual. S\u00e3o esses dirigentes sindicais que colocam a \u201ccara \u00e0 tapa\u201d para enfrentar os desmandos do governo, sofrendo persegui\u00e7\u00f5es e retalia\u00e7\u00f5es, hoje e no futuro.<\/p>\n<p style=\"text-align: justify\">Rollemberg afirma que os sindicatos est\u00e3o nadando em dinheiro. Mais uma mentira! Desde o in\u00edcio de seu governo, Rollemberg busca, de todas as formas, minar as for\u00e7as dos sindicatos e associa\u00e7\u00f5es de trabalhadores do DF, confiscando recursos financeiros dos trabalhadores e n\u00e3o repassando aos sindicatos.<\/p>\n<p style=\"text-align: justify\">O governador acusa sindicatos de serem contra a cria\u00e7\u00e3o do Instituto Hospital de Base por n\u00e3o terem compromisso com a popula\u00e7\u00e3o. Enaltece facilidades na compra de medicamentos e materiais, equipamentos e substitui\u00e7\u00f5es de servidores, mas n\u00e3o fala dos v\u00edcios embutidos no projeto que entrega o maior hospital do Centro-Oeste a empres\u00e1rios por 20 anos. Isso mesmo, 20 anos. O patrim\u00f4nio dos brasilienses entregue aos parceiros de Rollemberg para ganharem e fazerem mais fortuna, por 20 anos.<\/p>\n<p style=\"text-align: justify\">E n\u00e3o se engane! O Instituto Hospital de Base n\u00e3o atender\u00e1 a todos. Na privatiza\u00e7\u00e3o, tudo \u00e9 feito por contrato. Ou seja, se forem contratados 100 mil atendimentos de cardiologia, por exemplo, o paciente 101 mil n\u00e3o ser\u00e1 atendido. Ponto. Porta fechada.<\/p>\n<p style=\"text-align: justify\">Al\u00e9m disso, na m\u00eddia h\u00e1 uma enxurrada de den\u00fancias de modelos de privatiza\u00e7\u00e3o na sa\u00fade, em diversos estados, como Rio de Janeiro, Maranh\u00e3o e Goi\u00e1s, onde os donos das empresas &#8211; amigos de governadores, prefeitos, deputados e vereadores &#8211; ficaram milion\u00e1rios, da noite para o dia, e os servi\u00e7os de sa\u00fade s\u00f3 pioraram. Privatizar a sa\u00fade \u00e9 fazer dela um \u201ccabide de empregos\u201d. \u00c9 gerar acesso preferencial de atendimento a privilegiados.<\/p>\n<p style=\"text-align: justify\">Com mais de 80% de reprova\u00e7\u00e3o e popularidade menor que 8%, diante da popula\u00e7\u00e3o do DF, citado em den\u00fancias da JBS, Rollemberg tenta, desesperadamente, aprovar a venda do Hospital de Base. E venda seria uma sa\u00edda para pagar d\u00edvidas de campanhas passadas e uma tentativa de arrecadar fundos para a campanha de 2018? Est\u00e3o a\u00ed algumas das perguntas que perturbam os verdadeiros brasilienses.<\/p>\n<p style=\"text-align: justify\">Por onde se anda em Bras\u00edlia, o coment\u00e1rio \u00e9 o mesmo: \u201cem quase 3 anos, Rollemberg n\u00e3o fez nada pela cidade\u201d. E n\u00e3o adianta culpar os sindicatos por isso. Sua reprova\u00e7\u00e3o e impopularidade vem da sua forma incompetente de governar.<\/p>\n<p style=\"text-align: justify\">Sem a menor habilidade para dialogar, Rollemberg ignora os diversos atores que precisam estar envolvidos nos principais problemas da cidade. O governador, constantemente, imp\u00f5e sua vontade, sem discutir solu\u00e7\u00f5es com Legislativo, Judici\u00e1rio, Conselho de Sa\u00fade, trabalhadores e, principalmente, popula\u00e7\u00e3o. Isso tem se repetido em todas as \u00e1reas do DF. Na seguran\u00e7a, na educa\u00e7\u00e3o&#8230;<\/p>\n<p style=\"text-align: justify\">Rollemberg trope\u00e7a nas pr\u00f3prias mentiras. H\u00e1 meses, o GDF vem atrasando pagamentos a fornecedores e prestadores de servi\u00e7os. Empresas terceirizadas de seguran\u00e7a, limpeza e alimenta\u00e7\u00e3o suspendem, constantemente, suas atividades, por falta de pagamentos, e pacientes internados j\u00e1 ficaram sob amea\u00e7a de n\u00e3o receber suas refei\u00e7\u00f5es, por exemplo.<\/p>\n<p style=\"text-align: justify\">\u00c9 por tudo isso que somos sim, contra a venda do Hospital de Base. Somos contra porque queremos uma sa\u00fade p\u00fablica, que d\u00ea acesso a todos e que seja resolutiva em todos os n\u00edveis de assist\u00eancia &#8211; desde os centros de sa\u00fade, at\u00e9 a mais alta complexidade. Somos contra a venda da Sa\u00fade do DF. N\u00e3o seremos omissos ao ver o desvio de dinheiro do povo do DF \u2013 atrav\u00e9s de propinas e caixas 2 &#8211; para o bolso de empres\u00e1rios inescrupulosos. Somos todos usu\u00e1rios do Sistema \u00danico de Sa\u00fade e queremos, n\u00e3o s\u00f3 ele, mas todas as unidades de sa\u00fade, abertos e dispon\u00edveis a toda popula\u00e7\u00e3o do Distrito Federal.<\/p>\n<p style=\"text-align: justify\">O Base \u00e9 do povo e do SUS!<\/p>\n<p style=\"text-align: justify\">Sindicato dos Enfermeiros do Distrito Federal (SindEnfermeiro-DF)<\/p>\n","protected":false},"excerpt":{"rendered":"<p>Circula, na internet, v\u00eddeo em que o governador do Distrito Federal, Rodrigo Rollemberg, ataca sindicatos. No v\u00eddeo, Rollemberg nos responsabiliza pelo caos atual do sistema de sa\u00fade do DF. Na filmagem, realizada durante entrega de escritura de im\u00f3veis, no Sol Nascente, Rollemberg aproveita-se da humildade e da necessidade dos moradores da regi\u00e3o &#8211; que est\u00e3o [&hellip;]<\/p>\n","protected":false},"author":6,"featured_media":1619,"comment_status":"closed","ping_status":"closed","sticky":false,"template":"","format":"standard","meta":{"footnotes":""},"categories":[6,2],"tags":[],"class_list":["post-1617","post","type-post","status-publish","format-standard","has-post-thumbnail","hentry","category-noticias","category-teste"],"_links":{"self":[{"href":"https:\/\/sindenfermeiro.com.br\/index.php\/wp-json\/wp\/v2\/posts\/1617","targetHints":{"allow":["GET"]}}],"collection":[{"href":"https:\/\/sindenfermeiro.com.br\/index.php\/wp-json\/wp\/v2\/posts"}],"about":[{"href":"https:\/\/sindenfermeiro.com.br\/index.php\/wp-json\/wp\/v2\/types\/post"}],"author":[{"embeddable":true,"href":"https:\/\/sindenfermeiro.com.br\/index.php\/wp-json\/wp\/v2\/users\/6"}],"replies":[{"embeddable":true,"href":"https:\/\/sindenfermeiro.com.br\/index.php\/wp-json\/wp\/v2\/comments?post=1617"}],"version-history":[{"count":1,"href":"https:\/\/sindenfermeiro.com.br\/index.php\/wp-json\/wp\/v2\/posts\/1617\/revisions"}],"predecessor-version":[{"id":37401,"href":"https:\/\/sindenfermeiro.com.br\/index.php\/wp-json\/wp\/v2\/posts\/1617\/revisions\/37401"}],"wp:featuredmedia":[{"embeddable":true,"href":"https:\/\/sindenfermeiro.com.br\/index.php\/wp-json\/"}],"wp:attachment":[{"href":"https:\/\/sindenfermeiro.com.br\/index.php\/wp-json\/wp\/v2\/media?parent=1617"}],"wp:term":[{"taxonomy":"category","embeddable":true,"href":"https:\/\/sindenfermeiro.com.br\/index.php\/wp-json\/wp\/v2\/categories?post=1617"},{"taxonomy":"post_tag","embeddable":true,"href":"https:\/\/sindenfermeiro.com.br\/index.php\/wp-json\/wp\/v2\/tags?post=1617"}],"curies":[{"name":"wp","href":"https:\/\/api.w.org\/{rel}","templated":true}]}}