{"id":1613,"date":"2017-06-19T18:19:02","date_gmt":"2017-06-19T18:19:02","guid":{"rendered":"http:\/\/www.sindenfermeiro.com.br\/?p=1613"},"modified":"2026-04-29T13:06:41","modified_gmt":"2026-04-29T16:06:41","slug":"carta-aos-deputados-distritais-projeto-do-instituto-hospital-de-base","status":"publish","type":"post","link":"https:\/\/sindenfermeiro.com.br\/index.php\/2017\/06\/19\/carta-aos-deputados-distritais-projeto-do-instituto-hospital-de-base\/","title":{"rendered":"Carta aos deputados distritais &#8211; Projeto do Instituto Hospital de Base"},"content":{"rendered":"<p style=\"text-align: justify\">Deputados, o sangue do povo est\u00e1 em vossas m\u00e3os!<\/p>\n<p style=\"text-align: justify\">Enquanto o Sr. governador do Distrito Federal, em um ato desesperado, dispara mentiras para todos os lados e compra apoio para o seu plano covarde de vender Bras\u00edlia a seus parceiros empres\u00e1rios &#8211; coagindo servidores, inclusive comissionados -, os verdadeiros cidad\u00e3os do DF morrem por causas absolutamente evit\u00e1veis.<\/p>\n<p style=\"text-align: justify\">Por outro lado, servidores comprometidos com a cidadania est\u00e3o indo al\u00e9m de suas fun\u00e7\u00f5es e tirando do pr\u00f3prio bolso para atender a popula\u00e7\u00e3o com afinco, em condi\u00e7\u00f5es muito \u00e1rduas. Esses servidores, que desempenham o papel de verdadeiros her\u00f3is (dadas as circunst\u00e2ncias impostas), est\u00e3o adoecendo a cada dia &#8211; f\u00edsica e psiquicamente &#8211; pela total falta de condi\u00e7\u00f5es de trabalho.<\/p>\n<p style=\"text-align: justify\">H\u00e1 3 anos estamos em estado de emerg\u00eancia. O DF colhe os frutos das terceiriza\u00e7\u00f5es, quarteiriza\u00e7\u00f5es e, consequentemente, do desgoverno dessa e das gest\u00f5es anteriores, que a cada dia destroem Bras\u00edlia. Empresas terceirizadas de limpeza, seguran\u00e7a e alimenta\u00e7\u00e3o &#8211; prestadoras de servi\u00e7os a hospitais e centros de sa\u00fade \u2013 est\u00e3o, h\u00e1 anos, queixando de n\u00e3o receberem por esses servi\u00e7os. Funcion\u00e1rios dessas empresas tamb\u00e9m recebem seus sal\u00e1rios com atraso h\u00e1 anos.<\/p>\n<p style=\"text-align: justify\">Temos exemplos, por todo o Brasil &#8211; inclusive em Bras\u00edlia \u2013 de que este modelo n\u00e3o resolver\u00e1 o problema de sa\u00fade. Ao contr\u00e1rio, gera mais contratos n\u00e3o pagos, enquanto o GDF devolve milh\u00f5es n\u00e3o executados, todos os anos, para os fundos.<\/p>\n<p style=\"text-align: justify\">Mesmo diante desse contexto de caos, n\u00e3o temos medo das amea\u00e7as do Sr. Rollemberg. N\u00e3o possu\u00edmos qualquer pactua\u00e7\u00e3o ou d\u00edvida pol\u00edtica. Absolutamente o contr\u00e1rio. O comprometimento que temos como legado \u00e9 social e de luta pela popula\u00e7\u00e3o e pelos trabalhadores do DF.<\/p>\n<p style=\"text-align: justify\">Proponho, portanto, uma reorganiza\u00e7\u00e3o respons\u00e1vel e s\u00f3lida com o objetivo de melhorar e dignificar o acesso \u00e0 sa\u00fade, em nossa cidade. E convoco sim, no papel de cidad\u00e3, todos os deputados a exercerem sua representa\u00e7\u00e3o social para qual foram eleitos. Os trabalhadores e a popula\u00e7\u00e3o do DF n\u00e3o esquecer\u00e3o quem se vendeu ou se acovardou. Essa lembran\u00e7a \u00e9 t\u00e3o certa quanto o reflexo disso, nas urnas, em 2018.<\/p>\n<p style=\"text-align: justify\">Nessa ter\u00e7a, 20 de junho, \u00e0s 13h30, ser\u00e1 o dia D: o dia de travar uma luta hist\u00f3rica pelo bem da sa\u00fade e do povo do Distrito Federal.<\/p>\n<p style=\"text-align: justify\">Estaremos todos juntos, na C\u00e2mara Legislativa, para mostrar nosso rep\u00fadio ao projeto que autoriza a venda de um dos maiores patrim\u00f4nios de Bras\u00edlia, o Hospital de Base.<\/p>\n<p style=\"text-align: justify\">Juntos Somos Mais Fortes!<\/p>\n<p style=\"text-align: justify\"><em><strong>Dayse Amar\u00edlio,\u00a0<\/strong><\/em><em><strong>Presidente do Sindicato dos Enfermeiros &#8211; DF<\/strong><\/em><\/p>\n<p style=\"text-align: justify\">\n<p style=\"text-align: justify\"><img loading=\"lazy\" decoding=\"async\" class=\"aligncenter size-full wp-image-1614\" src=\"http:\/\/www.sindenfermeiro.com.br\/wp-content\/uploads\/2017\/06\/Convoca\u00e7\u00e3o-vota\u00e7\u00e3o.jpg\" alt=\"Convoca\u00e7\u00e3o vota\u00e7\u00e3o\" width=\"1494\" height=\"1284\" \/><\/p>\n","protected":false},"excerpt":{"rendered":"<p>Deputados, o sangue do povo est\u00e1 em vossas m\u00e3os! Enquanto o Sr. governador do Distrito Federal, em um ato desesperado, dispara mentiras para todos os lados e compra apoio para o seu plano covarde de vender Bras\u00edlia a seus parceiros empres\u00e1rios &#8211; coagindo servidores, inclusive comissionados -, os verdadeiros cidad\u00e3os do DF morrem por causas [&hellip;]<\/p>\n","protected":false},"author":6,"featured_media":1614,"comment_status":"closed","ping_status":"closed","sticky":false,"template":"","format":"standard","meta":{"footnotes":""},"categories":[6,2],"tags":[],"class_list":["post-1613","post","type-post","status-publish","format-standard","has-post-thumbnail","hentry","category-noticias","category-teste"],"_links":{"self":[{"href":"https:\/\/sindenfermeiro.com.br\/index.php\/wp-json\/wp\/v2\/posts\/1613","targetHints":{"allow":["GET"]}}],"collection":[{"href":"https:\/\/sindenfermeiro.com.br\/index.php\/wp-json\/wp\/v2\/posts"}],"about":[{"href":"https:\/\/sindenfermeiro.com.br\/index.php\/wp-json\/wp\/v2\/types\/post"}],"author":[{"embeddable":true,"href":"https:\/\/sindenfermeiro.com.br\/index.php\/wp-json\/wp\/v2\/users\/6"}],"replies":[{"embeddable":true,"href":"https:\/\/sindenfermeiro.com.br\/index.php\/wp-json\/wp\/v2\/comments?post=1613"}],"version-history":[{"count":1,"href":"https:\/\/sindenfermeiro.com.br\/index.php\/wp-json\/wp\/v2\/posts\/1613\/revisions"}],"predecessor-version":[{"id":36970,"href":"https:\/\/sindenfermeiro.com.br\/index.php\/wp-json\/wp\/v2\/posts\/1613\/revisions\/36970"}],"wp:featuredmedia":[{"embeddable":true,"href":"https:\/\/sindenfermeiro.com.br\/index.php\/wp-json\/"}],"wp:attachment":[{"href":"https:\/\/sindenfermeiro.com.br\/index.php\/wp-json\/wp\/v2\/media?parent=1613"}],"wp:term":[{"taxonomy":"category","embeddable":true,"href":"https:\/\/sindenfermeiro.com.br\/index.php\/wp-json\/wp\/v2\/categories?post=1613"},{"taxonomy":"post_tag","embeddable":true,"href":"https:\/\/sindenfermeiro.com.br\/index.php\/wp-json\/wp\/v2\/tags?post=1613"}],"curies":[{"name":"wp","href":"https:\/\/api.w.org\/{rel}","templated":true}]}}