{"id":1607,"date":"2017-06-14T16:24:40","date_gmt":"2017-06-14T16:24:40","guid":{"rendered":"http:\/\/www.sindenfermeiro.com.br\/?p=1607"},"modified":"2026-05-01T05:41:50","modified_gmt":"2026-05-01T08:41:50","slug":"nova-lei-obriga-unidades-de-saude-a-oferecerem-descanso-digno-para-enfermeiros","status":"publish","type":"post","link":"https:\/\/sindenfermeiro.com.br\/index.php\/2017\/06\/14\/nova-lei-obriga-unidades-de-saude-a-oferecerem-descanso-digno-para-enfermeiros\/","title":{"rendered":"Nova lei obriga unidades de sa\u00fade a oferecerem descanso digno para enfermeiros"},"content":{"rendered":"<p style=\"text-align: justify\">Em um pa\u00eds onde a dignidade tem que ser respaldada por lei, a enfermagem do Distrito Federal (DF) alcan\u00e7a mais uma vit\u00f3ria rumo \u00e0 melhores condi\u00e7\u00f5es de trabalho. A lei do descanso digno (n\u00ba 5.885\/17) foi publicada no Di\u00e1rio Oficial (DODF), nessa quarta (14).<\/p>\n<p style=\"text-align: justify\">De autoria do deputado Chico Vigilante (PT), a lei determina que institui\u00e7\u00f5es de sa\u00fade p\u00fablicas e privadas ofere\u00e7am, aos profissionais de enfermagem, condi\u00e7\u00f5es \u201cadequadas de descanso durante os intervalos do hor\u00e1rio de trabalho\u201d. De acordo com a norma, os locais devem ser destinados, especificamente, para o repouso dos profissionais. Os ambientes \u00a0precisam ser arejados, adequados ao n\u00famero de profissionais em servi\u00e7o e com condi\u00e7\u00f5es sonoras que permitam o descanso digno. O local ainda deve contar, obrigatoriamente, com camas ou beliches e com as instala\u00e7\u00f5es sanit\u00e1rias necess\u00e1rias.<\/p>\n<p style=\"text-align: justify\">Durante as reformas na para a adequa\u00e7\u00e3o \u00e0s condi\u00e7\u00f5es estabelecidas pela norma, \u201cdevem ser adotadas provid\u00eancias para isolamento ac\u00fastico e reten\u00e7\u00e3o de res\u00edduos\u201d.<\/p>\n<p style=\"text-align: justify\"><strong>Prazos pra adequa\u00e7\u00f5es<\/strong><\/p>\n<p style=\"text-align: justify\">As unidades de sa\u00fade t\u00eam o prazo de 180 dias (6 meses, a contar da publica\u00e7\u00e3o da lei) para se adequarem \u00e0s determina\u00e7\u00f5es. Os estabelecimentos de sa\u00fade da rede privada que descumprirem a lei do descanso est\u00e3o sujeitas \u00e0 multa de mil reais por dia, at\u00e9 que estejam devidamente de acordo com as condi\u00e7\u00f5es.<\/p>\n<p style=\"text-align: justify\"><strong>Derrubada ao veto do GDF<\/strong><\/p>\n<p style=\"text-align: justify\">A lei chega \u00e0 publica\u00e7\u00e3o depois da C\u00e2mara Legislativa derrubar, no dia 30 de maio (por 18 votos a 0), o veto do governador Rodrigo Rollemberg (PSB) ao\u00a0projeto, resultado do trabalho de entidades representativas como o Conselho Regional de Enfermagem (Coren-DF) e sindicatos.<\/p>\n","protected":false},"excerpt":{"rendered":"<p>Em um pa\u00eds onde a dignidade tem que ser respaldada por lei, a enfermagem do Distrito Federal (DF) alcan\u00e7a mais uma vit\u00f3ria rumo \u00e0 melhores condi\u00e7\u00f5es de trabalho. A lei do descanso digno (n\u00ba 5.885\/17) foi publicada no Di\u00e1rio Oficial (DODF), nessa quarta (14). De autoria do deputado Chico Vigilante (PT), a lei determina que [&hellip;]<\/p>\n","protected":false},"author":6,"featured_media":1610,"comment_status":"closed","ping_status":"closed","sticky":false,"template":"","format":"standard","meta":{"footnotes":""},"categories":[6,2],"tags":[],"class_list":["post-1607","post","type-post","status-publish","format-standard","has-post-thumbnail","hentry","category-noticias","category-teste"],"_links":{"self":[{"href":"https:\/\/sindenfermeiro.com.br\/index.php\/wp-json\/wp\/v2\/posts\/1607","targetHints":{"allow":["GET"]}}],"collection":[{"href":"https:\/\/sindenfermeiro.com.br\/index.php\/wp-json\/wp\/v2\/posts"}],"about":[{"href":"https:\/\/sindenfermeiro.com.br\/index.php\/wp-json\/wp\/v2\/types\/post"}],"author":[{"embeddable":true,"href":"https:\/\/sindenfermeiro.com.br\/index.php\/wp-json\/wp\/v2\/users\/6"}],"replies":[{"embeddable":true,"href":"https:\/\/sindenfermeiro.com.br\/index.php\/wp-json\/wp\/v2\/comments?post=1607"}],"version-history":[{"count":1,"href":"https:\/\/sindenfermeiro.com.br\/index.php\/wp-json\/wp\/v2\/posts\/1607\/revisions"}],"predecessor-version":[{"id":23918,"href":"https:\/\/sindenfermeiro.com.br\/index.php\/wp-json\/wp\/v2\/posts\/1607\/revisions\/23918"}],"wp:featuredmedia":[{"embeddable":true,"href":"https:\/\/sindenfermeiro.com.br\/index.php\/wp-json\/"}],"wp:attachment":[{"href":"https:\/\/sindenfermeiro.com.br\/index.php\/wp-json\/wp\/v2\/media?parent=1607"}],"wp:term":[{"taxonomy":"category","embeddable":true,"href":"https:\/\/sindenfermeiro.com.br\/index.php\/wp-json\/wp\/v2\/categories?post=1607"},{"taxonomy":"post_tag","embeddable":true,"href":"https:\/\/sindenfermeiro.com.br\/index.php\/wp-json\/wp\/v2\/tags?post=1607"}],"curies":[{"name":"wp","href":"https:\/\/api.w.org\/{rel}","templated":true}]}}