{"id":1599,"date":"2017-06-13T20:14:55","date_gmt":"2017-06-13T20:14:55","guid":{"rendered":"http:\/\/www.sindenfermeiro.com.br\/?p=1599"},"modified":"2026-05-01T05:42:13","modified_gmt":"2026-05-01T08:42:13","slug":"sindenfermeiro-convoca-cidadaos-e-trabalhadores-para-mobilizacao-contra-instituto-hospital-de-base","status":"publish","type":"post","link":"https:\/\/sindenfermeiro.com.br\/index.php\/2017\/06\/13\/sindenfermeiro-convoca-cidadaos-e-trabalhadores-para-mobilizacao-contra-instituto-hospital-de-base\/","title":{"rendered":"SindEnfermeiro convoca cidad\u00e3os e trabalhadores para mobiliza\u00e7\u00e3o contra Instituto Hospital de Base"},"content":{"rendered":"<p style=\"text-align: justify\">A C\u00e2mara Legislativa inicia a an\u00e1lise da proposta que autoriza a venda do Hospital de Base (PL 1486\/17), na sess\u00e3o dessa quarta (14), \u00e0s 15h. O SindEnfermeiro convoca voc\u00ea, enfermeiro, enfermeira, usu\u00e1rio e servidor da sa\u00fade a juntar-se \u00e0 luta contra a venda do Base!<\/p>\n<p style=\"text-align: justify\">Precisamos lotar as galerias da C\u00e2mara e mostrar aos deputados que a popula\u00e7\u00e3o e os trabalhadores do Distrito Federal n\u00e3o apoiam essa proposta irrespons\u00e1vel de vender um dos maiores patrim\u00f4nios da sa\u00fade do DF.<\/p>\n<p style=\"text-align: justify\">O SindEnfermeiro estar\u00e1 presente e conta com a sua for\u00e7a para lutarmos pelo bem da Sa\u00fade, do cidad\u00e3o e o servidor do Distrito Federal.<\/p>\n<p style=\"text-align: justify\"><img loading=\"lazy\" decoding=\"async\" class=\"aligncenter size-full wp-image-1603\" src=\"http:\/\/www.sindenfermeiro.com.br\/wp-content\/uploads\/2017\/06\/MG_1828.jpg\" alt=\"_MG_1828\" width=\"720\" height=\"480\" \/> <img loading=\"lazy\" decoding=\"async\" class=\"aligncenter size-full wp-image-1600\" src=\"http:\/\/www.sindenfermeiro.com.br\/wp-content\/uploads\/2017\/06\/MG_0079.jpg\" alt=\"_MG_0079\" width=\"3984\" height=\"2656\" \/><\/p>\n","protected":false},"excerpt":{"rendered":"<p>A C\u00e2mara Legislativa inicia a an\u00e1lise da proposta que autoriza a venda do Hospital de Base (PL 1486\/17), na sess\u00e3o dessa quarta (14), \u00e0s 15h. O SindEnfermeiro convoca voc\u00ea, enfermeiro, enfermeira, usu\u00e1rio e servidor da sa\u00fade a juntar-se \u00e0 luta contra a venda do Base! Precisamos lotar as galerias da C\u00e2mara e mostrar aos deputados [&hellip;]<\/p>\n","protected":false},"author":6,"featured_media":0,"comment_status":"closed","ping_status":"closed","sticky":false,"template":"","format":"standard","meta":{"footnotes":""},"categories":[6,2],"tags":[],"class_list":["post-1599","post","type-post","status-publish","format-standard","hentry","category-noticias","category-teste"],"_links":{"self":[{"href":"https:\/\/sindenfermeiro.com.br\/index.php\/wp-json\/wp\/v2\/posts\/1599","targetHints":{"allow":["GET"]}}],"collection":[{"href":"https:\/\/sindenfermeiro.com.br\/index.php\/wp-json\/wp\/v2\/posts"}],"about":[{"href":"https:\/\/sindenfermeiro.com.br\/index.php\/wp-json\/wp\/v2\/types\/post"}],"author":[{"embeddable":true,"href":"https:\/\/sindenfermeiro.com.br\/index.php\/wp-json\/wp\/v2\/users\/6"}],"replies":[{"embeddable":true,"href":"https:\/\/sindenfermeiro.com.br\/index.php\/wp-json\/wp\/v2\/comments?post=1599"}],"version-history":[{"count":1,"href":"https:\/\/sindenfermeiro.com.br\/index.php\/wp-json\/wp\/v2\/posts\/1599\/revisions"}],"predecessor-version":[{"id":37273,"href":"https:\/\/sindenfermeiro.com.br\/index.php\/wp-json\/wp\/v2\/posts\/1599\/revisions\/37273"}],"wp:attachment":[{"href":"https:\/\/sindenfermeiro.com.br\/index.php\/wp-json\/wp\/v2\/media?parent=1599"}],"wp:term":[{"taxonomy":"category","embeddable":true,"href":"https:\/\/sindenfermeiro.com.br\/index.php\/wp-json\/wp\/v2\/categories?post=1599"},{"taxonomy":"post_tag","embeddable":true,"href":"https:\/\/sindenfermeiro.com.br\/index.php\/wp-json\/wp\/v2\/tags?post=1599"}],"curies":[{"name":"wp","href":"https:\/\/api.w.org\/{rel}","templated":true}]}}