{"id":1594,"date":"2017-06-12T20:59:15","date_gmt":"2017-06-12T20:59:15","guid":{"rendered":"http:\/\/www.sindenfermeiro.com.br\/?p=1594"},"modified":"2026-04-29T13:07:47","modified_gmt":"2026-04-29T16:07:47","slug":"em-audiencia-publica-concursados-e-sindicatos-reividicam-convocacoes-de-novos-servidores","status":"publish","type":"post","link":"https:\/\/sindenfermeiro.com.br\/index.php\/2017\/06\/12\/em-audiencia-publica-concursados-e-sindicatos-reividicam-convocacoes-de-novos-servidores\/","title":{"rendered":"Em Audi\u00eancia P\u00fablica, concursados e sindicatos reividicam convoca\u00e7\u00f5es de novos servidores"},"content":{"rendered":"<p style=\"text-align: justify\">A C\u00e2mara Legislativa do Distrito Federal (CLDF) realizou, nessa segunda (12), audi\u00eancia p\u00fablica sobre a convoca\u00e7\u00e3o de concursados (aprovados em 2014) para a secretaria de Sa\u00fade. O debate tamb\u00e9m se estendeu aos concursados que aguardam nomea\u00e7\u00e3o na secretaria de Pol\u00edticas para a Crian\u00e7a, Adolescente e Juventude.<\/p>\n<p style=\"text-align: justify\">Durante a audi\u00eancia, proposta pelo deputado Wasny de Roure (PT), Enfermeiros, M\u00e9dicos, Cirurgi\u00f5es-Dentistas, Especialistas, T\u00e9cnicos e Auxiliares em Sa\u00fade reivindicaram as nomea\u00e7\u00f5es e rebateram as alega\u00e7\u00f5es do GDF para n\u00e3o convocar os aprovados. \u201cEu, como enfermeira e como professora, que vi meus alunos sofrendo tanto nos cursinhos, sem dinheiro, estudando de madrugada e trabalhando em dois empregos, sei da import\u00e2ncia desse debate\u201d, disse Dayse Amar\u00edlio, presidente do SindEnfermeiro.<\/p>\n<p style=\"text-align: justify\">Dayse lembrou ainda, que o GDF, ao mesmo tempo em que n\u00e3o convoca novos servidores para a secretaria de sa\u00fade, n\u00e3o proporciona as condi\u00e7\u00f5es m\u00ednimas de trabalho para os profissionais que j\u00e1 trabalham no servi\u00e7o p\u00fablico. \u201cQuando falamos dos deveres do Governo para conosco, que \u00e9 dar o m\u00ednimo de dignidade pra gente trabalhar sem cometer uma imper\u00edcia, eles n\u00e3o t\u00eam compromisso. \u00c9 s\u00f3 mesmo o que interessa a eles\u201d, destacou.<\/p>\n<p style=\"text-align: justify\">A presidente do SindEnfermeiro pediu mais autonomia \u00e0 secretaria de sa\u00fade, na contrata\u00e7\u00e3o de pessoal, al\u00e9m do cumprimento do que foi estabelecidos nos editais dos concursos, pelo Governo do Distrito Federal. \u201cTemos que colocar a situa\u00e7\u00e3o entre a secretaria de sa\u00fade e a Seplag (secretaria de Planejamento e Or\u00e7amento). A gente n\u00e3o t\u00eam conseguido nem completar os quadros de vac\u00e2ncia (por conta da burocracia). \u00c9 obriga\u00e7\u00e3o do Governo chamar os concursados. Se foi colocado no edital \u00e9 porque existia o provimento or\u00e7ament\u00e1rio para aquilo. N\u00e3o estamos nem falando de cumprir com tudo o que a gente necessita. Porque se fosse chamar todos os concursados, ainda faltaria enfermeiro. Mas eles t\u00eam que cumprir, pelo menos, com o que foi colocado no edital\u201d, disse Dayse.<\/p>\n<p style=\"text-align: justify\"><img loading=\"lazy\" decoding=\"async\" class=\"aligncenter size-full wp-image-1596\" src=\"http:\/\/www.sindenfermeiro.com.br\/wp-content\/uploads\/2017\/06\/MG_1783.jpg\" alt=\"_MG_1783\" width=\"720\" height=\"480\" \/><\/p>\n<p style=\"text-align: justify\">Tarc\u00edsio Faria, diretor do SindEnfermeiro afirmou que, ao contr\u00e1rio do que dizem que est\u00e1 para acontecer, a secretaria de sa\u00fade j\u00e1 se encontra \u201cem colapso\u201d. \u201cQuando voc\u00ea pega o Hospital de Taguatinga, onde h\u00e1 150 pessoas internadas e 2 ou 3 enfermeiros e t\u00e9cnicos de enfermagem para cuidar de todos, vemos que a sa\u00fade est\u00e1 em colapso.<\/p>\n<p style=\"text-align: justify\">Tarc\u00edsio lembrou que as mortes j\u00e1 s\u00e3o o resultado da gest\u00e3o de Rollmeberg na sa\u00fade. \u201cEssa pol\u00edtica do governador Rollemberg, de n\u00e3o nomear os concursados, est\u00e1 matando a popula\u00e7\u00e3o. Somente no Hospital do Gama, em um m\u00eas, morreram 60 pessoas (de mortes evit\u00e1veis), no pronto-socorro\u201d, lembrou.<\/p>\n<p style=\"text-align: justify\">O diretor do SindEnfermeiro tamb\u00e9m chamou a aten\u00e7\u00e3o para os servidores que est\u00e3o adoecendo, por n\u00e3o conseguir suportar a sobrecarga de trabalho, em fun\u00e7\u00e3o da falta de pessoal. \u201cOs profissionais da sa\u00fade est\u00e3o adoecendo porque n\u00e3o conseguem dar conta da carga de trabalho. \u00c9 humanamente imposs\u00edvel\u201d, completou.<\/p>\n<p style=\"text-align: justify\"><img loading=\"lazy\" decoding=\"async\" class=\"aligncenter size-full wp-image-1597\" src=\"http:\/\/www.sindenfermeiro.com.br\/wp-content\/uploads\/2017\/06\/MG_1806.jpg\" alt=\"_MG_1806\" width=\"720\" height=\"480\" \/><\/p>\n<p style=\"text-align: justify\">Ao abrir o debate, o deputado Wasny de Roure (PT) lembrou que a Lei de Responsabilidade Fiscal (LRF) prev\u00ea um regime diferenciado para sa\u00fade, educa\u00e7\u00e3o e seguran\u00e7a. De acordo com Wasny, a LRF assegura a reposi\u00e7\u00e3o de cargos nessas \u00e1reas.No entanto, o GDF alega a possibilidade de n\u00e3o cumprir com a LRF ao chamar novos servidores. O que foi veementemente rebatido pelos presentes na audi\u00eancia.<\/p>\n<p style=\"text-align: justify\">De acordo com planilha, baseada em dados do portal da transpar\u00eancia e apresentada por Wasny, o n\u00famero de aposentados, por exemplo, aumenta ano a ano, enquanto a reposi\u00e7\u00e3o n\u00e3o acontece na mesma propor\u00e7\u00e3o. Ainda segundo os dados apresentados pelo deputado, a sa\u00fade p\u00fablica do Distrito Federal possui 1.700 cargos de enfermeiros vagos e apenas 227 enfermeiros foram nomeados entre 2015 e 2017. \u00a0Wasny destacou que a previs\u00e3o para as novas convoca\u00e7\u00f5es devem constar na Lei de Diretrizes Or\u00e7ament\u00e1rias (LDO) a ser aprovada pela C\u00e2mara.<\/p>\n<p style=\"text-align: justify\"><img loading=\"lazy\" decoding=\"async\" class=\"aligncenter size-full wp-image-1595\" src=\"http:\/\/www.sindenfermeiro.com.br\/wp-content\/uploads\/2017\/06\/MG_1736.jpg\" alt=\"_MG_1736\" width=\"720\" height=\"480\" \/><\/p>\n","protected":false},"excerpt":{"rendered":"<p>A C\u00e2mara Legislativa do Distrito Federal (CLDF) realizou, nessa segunda (12), audi\u00eancia p\u00fablica sobre a convoca\u00e7\u00e3o de concursados (aprovados em 2014) para a secretaria de Sa\u00fade. O debate tamb\u00e9m se estendeu aos concursados que aguardam nomea\u00e7\u00e3o na secretaria de Pol\u00edticas para a Crian\u00e7a, Adolescente e Juventude. Durante a audi\u00eancia, proposta pelo deputado Wasny de Roure [&hellip;]<\/p>\n","protected":false},"author":6,"featured_media":1595,"comment_status":"closed","ping_status":"closed","sticky":false,"template":"","format":"standard","meta":{"footnotes":""},"categories":[6,2],"tags":[],"class_list":["post-1594","post","type-post","status-publish","format-standard","has-post-thumbnail","hentry","category-noticias","category-teste"],"_links":{"self":[{"href":"https:\/\/sindenfermeiro.com.br\/index.php\/wp-json\/wp\/v2\/posts\/1594","targetHints":{"allow":["GET"]}}],"collection":[{"href":"https:\/\/sindenfermeiro.com.br\/index.php\/wp-json\/wp\/v2\/posts"}],"about":[{"href":"https:\/\/sindenfermeiro.com.br\/index.php\/wp-json\/wp\/v2\/types\/post"}],"author":[{"embeddable":true,"href":"https:\/\/sindenfermeiro.com.br\/index.php\/wp-json\/wp\/v2\/users\/6"}],"replies":[{"embeddable":true,"href":"https:\/\/sindenfermeiro.com.br\/index.php\/wp-json\/wp\/v2\/comments?post=1594"}],"version-history":[{"count":1,"href":"https:\/\/sindenfermeiro.com.br\/index.php\/wp-json\/wp\/v2\/posts\/1594\/revisions"}],"predecessor-version":[{"id":37182,"href":"https:\/\/sindenfermeiro.com.br\/index.php\/wp-json\/wp\/v2\/posts\/1594\/revisions\/37182"}],"wp:featuredmedia":[{"embeddable":true,"href":"https:\/\/sindenfermeiro.com.br\/index.php\/wp-json\/"}],"wp:attachment":[{"href":"https:\/\/sindenfermeiro.com.br\/index.php\/wp-json\/wp\/v2\/media?parent=1594"}],"wp:term":[{"taxonomy":"category","embeddable":true,"href":"https:\/\/sindenfermeiro.com.br\/index.php\/wp-json\/wp\/v2\/categories?post=1594"},{"taxonomy":"post_tag","embeddable":true,"href":"https:\/\/sindenfermeiro.com.br\/index.php\/wp-json\/wp\/v2\/tags?post=1594"}],"curies":[{"name":"wp","href":"https:\/\/api.w.org\/{rel}","templated":true}]}}