{"id":1591,"date":"2017-06-08T20:12:33","date_gmt":"2017-06-08T20:12:33","guid":{"rendered":"http:\/\/www.sindenfermeiro.com.br\/?p=1591"},"modified":"2026-05-01T07:09:12","modified_gmt":"2026-05-01T10:09:12","slug":"camara-legislativa-debatera-convocacao-dos-concursados-de-2014","status":"publish","type":"post","link":"https:\/\/sindenfermeiro.com.br\/index.php\/2017\/06\/08\/camara-legislativa-debatera-convocacao-dos-concursados-de-2014\/","title":{"rendered":"C\u00e2mara Legislativa debater\u00e1 convoca\u00e7\u00e3o dos concursados de 2014"},"content":{"rendered":"<p>Na pr\u00f3xima segunda (12), a C\u00e2mara Legislativa (CLDF) realiza Audi\u00eancia P\u00fablica para debater a convoca\u00e7\u00e3o dos concursados de 2014 para Secretaria de Sa\u00fade. A audi\u00eancia, proposta pelo deputado Wasny de Roure (PT), ser\u00e1 no audit\u00f3rio da CLDF e come\u00e7a \u00e0s 10h.<\/p>\n<p>Voc\u00ea, Enfermeiro, M\u00e9dico, Cirurgi\u00e3o-Destista, Especialista, T\u00e9cnico e Auxiliar em Sa\u00fade est\u00e1 convidado a participar.<\/p>\n<p><img loading=\"lazy\" decoding=\"async\" class=\"alignnone size-medium wp-image-1592\" src=\"http:\/\/www.sindenfermeiro.com.br\/wp-content\/uploads\/2017\/06\/Audi\u00eancia-p\u00fablica-2-900x900.jpg\" alt=\"Audi\u00eancia p\u00fablica 2\" width=\"900\" height=\"900\" \/><\/p>\n","protected":false},"excerpt":{"rendered":"<p>Na pr\u00f3xima segunda (12), a C\u00e2mara Legislativa (CLDF) realiza Audi\u00eancia P\u00fablica para debater a convoca\u00e7\u00e3o dos concursados de 2014 para Secretaria de Sa\u00fade. A audi\u00eancia, proposta pelo deputado Wasny de Roure (PT), ser\u00e1 no audit\u00f3rio da CLDF e come\u00e7a \u00e0s 10h. Voc\u00ea, Enfermeiro, M\u00e9dico, Cirurgi\u00e3o-Destista, Especialista, T\u00e9cnico e Auxiliar em Sa\u00fade est\u00e1 convidado a participar.<\/p>\n","protected":false},"author":6,"featured_media":1592,"comment_status":"closed","ping_status":"closed","sticky":false,"template":"","format":"standard","meta":{"footnotes":""},"categories":[6,2],"tags":[],"class_list":["post-1591","post","type-post","status-publish","format-standard","has-post-thumbnail","hentry","category-noticias","category-teste"],"_links":{"self":[{"href":"https:\/\/sindenfermeiro.com.br\/index.php\/wp-json\/wp\/v2\/posts\/1591","targetHints":{"allow":["GET"]}}],"collection":[{"href":"https:\/\/sindenfermeiro.com.br\/index.php\/wp-json\/wp\/v2\/posts"}],"about":[{"href":"https:\/\/sindenfermeiro.com.br\/index.php\/wp-json\/wp\/v2\/types\/post"}],"author":[{"embeddable":true,"href":"https:\/\/sindenfermeiro.com.br\/index.php\/wp-json\/wp\/v2\/users\/6"}],"replies":[{"embeddable":true,"href":"https:\/\/sindenfermeiro.com.br\/index.php\/wp-json\/wp\/v2\/comments?post=1591"}],"version-history":[{"count":1,"href":"https:\/\/sindenfermeiro.com.br\/index.php\/wp-json\/wp\/v2\/posts\/1591\/revisions"}],"predecessor-version":[{"id":37270,"href":"https:\/\/sindenfermeiro.com.br\/index.php\/wp-json\/wp\/v2\/posts\/1591\/revisions\/37270"}],"wp:featuredmedia":[{"embeddable":true,"href":"https:\/\/sindenfermeiro.com.br\/index.php\/wp-json\/"}],"wp:attachment":[{"href":"https:\/\/sindenfermeiro.com.br\/index.php\/wp-json\/wp\/v2\/media?parent=1591"}],"wp:term":[{"taxonomy":"category","embeddable":true,"href":"https:\/\/sindenfermeiro.com.br\/index.php\/wp-json\/wp\/v2\/categories?post=1591"},{"taxonomy":"post_tag","embeddable":true,"href":"https:\/\/sindenfermeiro.com.br\/index.php\/wp-json\/wp\/v2\/tags?post=1591"}],"curies":[{"name":"wp","href":"https:\/\/api.w.org\/{rel}","templated":true}]}}