{"id":1585,"date":"2017-06-08T17:20:43","date_gmt":"2017-06-08T17:20:43","guid":{"rendered":"http:\/\/www.sindenfermeiro.com.br\/?p=1585"},"modified":"2026-05-01T05:41:18","modified_gmt":"2026-05-01T08:41:18","slug":"sindenfermeiro-realiza-assembleia-geral-extraordinaria-na-proxima-terca-13","status":"publish","type":"post","link":"https:\/\/sindenfermeiro.com.br\/index.php\/2017\/06\/08\/sindenfermeiro-realiza-assembleia-geral-extraordinaria-na-proxima-terca-13\/","title":{"rendered":"SindEnfermeiro realiza Assembleia Geral Extraordin\u00e1ria na pr\u00f3xima ter\u00e7a (13)"},"content":{"rendered":"<p>O Sindicato dos Enfermeiros do Distrito Federal (SindEnfermeiro-DF) realiza, na pr\u00f3xima ter\u00e7a (13), a partir das 16h, Assembleia Geral Extraordin\u00e1ria. Na pauta, assuntos como Plano de Sa\u00fade, Gratifica\u00e7\u00f5es, Greve Geral e Horas Extras. A Assembleia ser\u00e1 no Clube da Sa\u00fade (SIA\/Guar\u00e1).<\/p>\n<p><strong>Assembleia Geral Extraordin\u00e1ria<\/strong><\/p>\n<p><strong>Pauta:<\/strong>\u00a0Plano de Sa\u00fade, Gratifica\u00e7\u00f5es, Greve Geral e Horas Extras<\/p>\n<p><strong>Hor\u00e1rio:<\/strong> 16h<\/p>\n<p><strong>Local:<\/strong>\u00a0Clube da Sa\u00fade (SIA\/Guar\u00e1)<\/p>\n","protected":false},"excerpt":{"rendered":"<p>O Sindicato dos Enfermeiros do Distrito Federal (SindEnfermeiro-DF) realiza, na pr\u00f3xima ter\u00e7a (13), a partir das 16h, Assembleia Geral Extraordin\u00e1ria. Na pauta, assuntos como Plano de Sa\u00fade, Gratifica\u00e7\u00f5es, Greve Geral e Horas Extras. A Assembleia ser\u00e1 no Clube da Sa\u00fade (SIA\/Guar\u00e1). Assembleia Geral Extraordin\u00e1ria Pauta:\u00a0Plano de Sa\u00fade, Gratifica\u00e7\u00f5es, Greve Geral e Horas Extras Hor\u00e1rio: 16h [&hellip;]<\/p>\n","protected":false},"author":6,"featured_media":1586,"comment_status":"closed","ping_status":"closed","sticky":false,"template":"","format":"standard","meta":{"footnotes":""},"categories":[6,2],"tags":[],"class_list":["post-1585","post","type-post","status-publish","format-standard","has-post-thumbnail","hentry","category-noticias","category-teste"],"_links":{"self":[{"href":"https:\/\/sindenfermeiro.com.br\/index.php\/wp-json\/wp\/v2\/posts\/1585","targetHints":{"allow":["GET"]}}],"collection":[{"href":"https:\/\/sindenfermeiro.com.br\/index.php\/wp-json\/wp\/v2\/posts"}],"about":[{"href":"https:\/\/sindenfermeiro.com.br\/index.php\/wp-json\/wp\/v2\/types\/post"}],"author":[{"embeddable":true,"href":"https:\/\/sindenfermeiro.com.br\/index.php\/wp-json\/wp\/v2\/users\/6"}],"replies":[{"embeddable":true,"href":"https:\/\/sindenfermeiro.com.br\/index.php\/wp-json\/wp\/v2\/comments?post=1585"}],"version-history":[{"count":1,"href":"https:\/\/sindenfermeiro.com.br\/index.php\/wp-json\/wp\/v2\/posts\/1585\/revisions"}],"predecessor-version":[{"id":37383,"href":"https:\/\/sindenfermeiro.com.br\/index.php\/wp-json\/wp\/v2\/posts\/1585\/revisions\/37383"}],"wp:featuredmedia":[{"embeddable":true,"href":"https:\/\/sindenfermeiro.com.br\/index.php\/wp-json\/"}],"wp:attachment":[{"href":"https:\/\/sindenfermeiro.com.br\/index.php\/wp-json\/wp\/v2\/media?parent=1585"}],"wp:term":[{"taxonomy":"category","embeddable":true,"href":"https:\/\/sindenfermeiro.com.br\/index.php\/wp-json\/wp\/v2\/categories?post=1585"},{"taxonomy":"post_tag","embeddable":true,"href":"https:\/\/sindenfermeiro.com.br\/index.php\/wp-json\/wp\/v2\/tags?post=1585"}],"curies":[{"name":"wp","href":"https:\/\/api.w.org\/{rel}","templated":true}]}}