{"id":1578,"date":"2017-06-01T18:26:57","date_gmt":"2017-06-01T18:26:57","guid":{"rendered":"http:\/\/www.sindenfermeiro.com.br\/?p=1578"},"modified":"2026-04-29T13:06:32","modified_gmt":"2026-04-29T16:06:32","slug":"sindenfermeiro-firma-acordo-com-santa-marta-para-pagamento-de-retroativos","status":"publish","type":"post","link":"https:\/\/sindenfermeiro.com.br\/index.php\/2017\/06\/01\/sindenfermeiro-firma-acordo-com-santa-marta-para-pagamento-de-retroativos\/","title":{"rendered":"SindEnfermeiro firma acordo com Santa Marta para pagamento de retroativos"},"content":{"rendered":"<p><em><strong>SindEnfermeiro buscou cumprimento de acordo, que inclui permiss\u00e3o para troca de plant\u00f5es\u00a0<\/strong><\/em><\/p>\n<p style=\"text-align: justify\">Na \u00faltima quarta (31), o Sindicato dos Enfermeiros do Distrito Federal (SindEnfermeiro-DF) firmou Acordo Coletivo de Trabalho com o Hospital Santa Marta, para o pagamento dos valores n\u00e3o praticados &#8211; pelo hospital -, desde a conven\u00e7\u00e3o coletiva 2014\/2015. Os retroativos ser\u00e3o pagos at\u00e9 dezembro de 2017, seguindo cronograma ajustado entre as partes.<\/p>\n<p style=\"text-align: justify\">J\u00e1 na folha de pagamento de maio, ser\u00e3o quitados os valores para enfermeiros do Bloco Cir\u00fargico, da UTINeo e da Unidade Materno Infantil. Em junho e julho, profissionais da UTI receber\u00e3o os retroativos. Em agosto, parte dos enfermeiros do pronto-socorro \u00e9 que ser\u00e3o pagos. J\u00e1 em setembro, profissionais dos postos de interna\u00e7\u00e3o \u00e9 que receber\u00e3o. Em outubro, outra parte dos enfermeiros do pronto-socorro ter\u00e3o os retroativos quitados. E, por fim, em novembro, os profissionais do N\u00facleo de infec\u00e7\u00e3o e seguran\u00e7a do paciente, da auditoria e da educa\u00e7\u00e3o permanente receber\u00e3o seus pagamentos.<\/p>\n<p style=\"text-align: justify\">Dayse Amar\u00edlio, presidente do SindEnfermeiro considera o acordo com o Santa Marta uma vit\u00f3ria importante na luta por avan\u00e7os da enfermagem na rede privada de sa\u00fade. \u201cVejo esse avan\u00e7o como um reflexo da postura do sindicato de entender que o enfermeiro da rede privada, em muitas vezes, est\u00e1 fragilizado. Continuamos na luta, por melhores condi\u00e7\u00f5es de trabalho e salariais, n\u00e3o s\u00f3 junto \u00e0 sociedade brasileira de hospitais e cada hospital privado, como nas inst\u00e2ncias jur\u00eddicas e pol\u00edticas\u201d, disse Dayse.<\/p>\n<p><img loading=\"lazy\" decoding=\"async\" class=\"alignnone size-medium wp-image-1579\" src=\"http:\/\/www.sindenfermeiro.com.br\/wp-content\/uploads\/2017\/05\/WhatsApp-Image-2017-05-31-at-17.56.41-900x675.jpeg\" alt=\"WhatsApp Image 2017-05-31 at 17.56.41\" width=\"900\" height=\"675\" \/><\/p>\n<p><strong>Troca de Plant\u00f5es<\/strong><\/p>\n<p style=\"text-align: justify\">Durante a negocia\u00e7\u00e3o, o SindEnfermeiro tamb\u00e9m reivindicou a possibilidade de troca dos plant\u00f5es entre enfermeiros. A inflexibilidade para a altern\u00e2ncia dos hor\u00e1rios era uma queixa dos profissionais de enfermagem do Santa Marta.<\/p>\n<p style=\"text-align: justify\">Diante disso, sindicato e dire\u00e7\u00e3o do hospital chegaram a um acordo e, a partir de agora, as trocas de plant\u00f5es ser\u00e3o permitidas, obedecendo determinados crit\u00e9rios.<\/p>\n<p style=\"text-align: justify\">Cada enfermeiro pode solicitar a troca do seu plant\u00e3o, com outro profissional, duas vezes ao m\u00eas. O enfermeiro que trocou de plant\u00e3o por solicita\u00e7\u00e3o de um colega, n\u00e3o tem sua cota de trocas afetada e ainda poder\u00e1 solicitar, por duas vezes (naquele m\u00eas), a permuta. A solicita\u00e7\u00e3o deve ser feita com, pelo menos, 24 horas de anteced\u00eancia.<\/p>\n<p style=\"text-align: justify\">Dayse Amar\u00edlio destacou a import\u00e2ncia de acordos como esse \u201cna garantia das melhoras no dia-a-dia do enfermeiro\u201d. Durante a reuni\u00e3o com o Santa Marta, a presidente do SindEnfermeiro prop\u00f4s fazer visitas para conhecer melhor a realidade dos hospitais privados e tamb\u00e9m ouvir os trabalhadores a respeito de poss\u00edveis melhorias. Dayse colocou o sindicato \u00e0 disposi\u00e7\u00e3o para realizar projetos de educa\u00e7\u00e3o continuada, media\u00e7\u00e3o de conflitos, gest\u00e3o e orienta\u00e7\u00e3o dos profissionais sobre direitos e deveres.<\/p>\n<p>&nbsp;<\/p>\n","protected":false},"excerpt":{"rendered":"<p>SindEnfermeiro buscou cumprimento de acordo, que inclui permiss\u00e3o para troca de plant\u00f5es\u00a0 Na \u00faltima quarta (31), o Sindicato dos Enfermeiros do Distrito Federal (SindEnfermeiro-DF) firmou Acordo Coletivo de Trabalho com o Hospital Santa Marta, para o pagamento dos valores n\u00e3o praticados &#8211; pelo hospital -, desde a conven\u00e7\u00e3o coletiva 2014\/2015. Os retroativos ser\u00e3o pagos at\u00e9 [&hellip;]<\/p>\n","protected":false},"author":6,"featured_media":1579,"comment_status":"closed","ping_status":"closed","sticky":false,"template":"","format":"standard","meta":{"footnotes":""},"categories":[6,2],"tags":[],"class_list":["post-1578","post","type-post","status-publish","format-standard","has-post-thumbnail","hentry","category-noticias","category-teste"],"_links":{"self":[{"href":"https:\/\/sindenfermeiro.com.br\/index.php\/wp-json\/wp\/v2\/posts\/1578","targetHints":{"allow":["GET"]}}],"collection":[{"href":"https:\/\/sindenfermeiro.com.br\/index.php\/wp-json\/wp\/v2\/posts"}],"about":[{"href":"https:\/\/sindenfermeiro.com.br\/index.php\/wp-json\/wp\/v2\/types\/post"}],"author":[{"embeddable":true,"href":"https:\/\/sindenfermeiro.com.br\/index.php\/wp-json\/wp\/v2\/users\/6"}],"replies":[{"embeddable":true,"href":"https:\/\/sindenfermeiro.com.br\/index.php\/wp-json\/wp\/v2\/comments?post=1578"}],"version-history":[{"count":1,"href":"https:\/\/sindenfermeiro.com.br\/index.php\/wp-json\/wp\/v2\/posts\/1578\/revisions"}],"predecessor-version":[{"id":37400,"href":"https:\/\/sindenfermeiro.com.br\/index.php\/wp-json\/wp\/v2\/posts\/1578\/revisions\/37400"}],"wp:featuredmedia":[{"embeddable":true,"href":"https:\/\/sindenfermeiro.com.br\/index.php\/wp-json\/"}],"wp:attachment":[{"href":"https:\/\/sindenfermeiro.com.br\/index.php\/wp-json\/wp\/v2\/media?parent=1578"}],"wp:term":[{"taxonomy":"category","embeddable":true,"href":"https:\/\/sindenfermeiro.com.br\/index.php\/wp-json\/wp\/v2\/categories?post=1578"},{"taxonomy":"post_tag","embeddable":true,"href":"https:\/\/sindenfermeiro.com.br\/index.php\/wp-json\/wp\/v2\/tags?post=1578"}],"curies":[{"name":"wp","href":"https:\/\/api.w.org\/{rel}","templated":true}]}}