{"id":1548,"date":"2017-05-25T20:59:07","date_gmt":"2017-05-25T20:59:07","guid":{"rendered":"http:\/\/www.sindenfermeiro.com.br\/?p=1548"},"modified":"2026-05-01T07:35:54","modified_gmt":"2026-05-01T10:35:54","slug":"no-df-conferencias-debatem-papel-da-enfermagem-na-saude-da-mulher","status":"publish","type":"post","link":"https:\/\/sindenfermeiro.com.br\/index.php\/2017\/05\/25\/no-df-conferencias-debatem-papel-da-enfermagem-na-saude-da-mulher\/","title":{"rendered":"No DF, confer\u00eancias debatem papel da Enfermagem na Sa\u00fade da Mulher"},"content":{"rendered":"<p style=\"text-align: justify\">Profissionais, especialistas e estudantes de Enfermagem debatem, nessa quinta (25) e sexta (26), condutas e pol\u00edticas voltadas para a Sa\u00fade da Mulher. Durante esses dois dias, a Confer\u00eancia Livre de Enfermagem em Sa\u00fade da Mulher, realizada na sede da Associa\u00e7\u00e3o Brasileira de Enfermagem (ABEn-DF), discute a vulnerabiliza\u00e7\u00e3o e a inser\u00e7\u00e3o da Mulher, na assist\u00eancia e no mercado de trabalho da Sa\u00fade.<\/p>\n<p style=\"text-align: justify\">Carmem Lucia Luiz, Conselheira Nacional de Sa\u00fade, afirmou que \u00e9 necess\u00e1rio ter consci\u00eancia do contexto atual para que os avan\u00e7os aconte\u00e7am. \u201cNosso tempo e lugar s\u00e3o machistas. Ent\u00e3o \u00e9 isso que a gente reproduz. Temos que trabalhar com os homens para livrarem-se dos privil\u00e9gios e com as mulheres para sa\u00edrem desse lugar de oprimidas\u201d, disse.<\/p>\n<div id=\"attachment_1566\" style=\"width: 510px\" class=\"wp-caption aligncenter\"><img loading=\"lazy\" decoding=\"async\" aria-describedby=\"caption-attachment-1566\" class=\"wp-image-1566\" src=\"http:\/\/www.sindenfermeiro.com.br\/wp-content\/uploads\/2017\/05\/WhatsApp-Image-2017-05-25-at-14.41.02-5.jpeg\" alt=\"WhatsApp Image 2017-05-25 at 14.41.02 (5)\" width=\"500\" height=\"333\" \/><p id=\"caption-attachment-1566\" class=\"wp-caption-text\"><em>Confer\u00eancia de Sa\u00fade da Mulher, na sede da ABEn<\/em><\/p><\/div>\n<p style=\"text-align: justify\">Carmem chamou a aten\u00e7\u00e3o para a desigualdade que se perpetua atrav\u00e9s dos h\u00e1bitos mais comuns. \u201cSe formos trazer isso para o nosso lado profissional, precisamos ter bastante aten\u00e7\u00e3o. Nascer mulher \u00e9 ser vulnerabilizada. N\u00e3o vulner\u00e1vel. Quando voc\u00ea fala vulner\u00e1vel, parece que \u00e9 uma condi\u00e7\u00e3o intr\u00ednseca da pessoa. E a gente n\u00e3o \u00e9 vulner\u00e1vel. A gente \u00e9 vulnerabilizada por um sistema.\u00a0As palavras cont\u00eam conceitos em si. Elas contribuem para a manuten\u00e7\u00e3o ou para o enfrentamento de uma desigualdade\u201d, afirmou Carmem.<\/p>\n<div id=\"attachment_1572\" style=\"width: 510px\" class=\"wp-caption aligncenter\"><img loading=\"lazy\" decoding=\"async\" aria-describedby=\"caption-attachment-1572\" class=\"wp-image-1572\" src=\"http:\/\/www.sindenfermeiro.com.br\/wp-content\/uploads\/2017\/05\/WhatsApp-Image-2017-05-25-at-14.41.02.jpeg\" alt=\"WhatsApp Image 2017-05-25 at 14.41.02\" width=\"500\" height=\"333\" \/><p id=\"caption-attachment-1572\" class=\"wp-caption-text\"><em>Confer\u00eancia de Sa\u00fade da Mulher, na sede da ABEn<\/em><\/p><\/div>\n<p style=\"text-align: justify\">\n<p style=\"text-align: justify\">\n<p style=\"text-align: justify\">Dayse Amar\u00edlio, presidente do SindEnfermeiro, destacou o desequil\u00edbrio entre homens e mulheres, no mercado de trabalho, mesmo tratando-se de pa\u00edses democr\u00e1ticos como o Brasil. \u201cSou a favor das diferen\u00e7as. Inclusive, biol\u00f3gicas e psicol\u00f3gicas. Mas a gente sabe que a enfermagem \u00e9 majoritariamente feminina. E infelizmente, numa democracia, n\u00f3s ainda enfrentamos a desigualdade no tratamento entre homens e mulheres. A gente sabe que a mulher pode estar no mesmo cargo de um homem. Mas vai ganhar cerca de 30% menos, s\u00f3 pelo fato de ser mulher. Ent\u00e3o temos muito o que avan\u00e7ar\u201d, destacou Dayse.<\/p>\n<p style=\"text-align: justify\">A presidente ainda fez um convite \u00e0s mulheres. Para Dayse, os avan\u00e7os dependem da representatividade feminina nas inst\u00e2ncias que regulam a sociedade. \u201cTemos que ocupar os nossos espa\u00e7os. Se n\u00e3o tivermos realmente quem lute por n\u00f3s. A gente fica \u00f3rf\u00e3o. N\u00f3s fazemos a diferen\u00e7a\u201d, disse.<\/p>\n<div id=\"attachment_1563\" style=\"width: 510px\" class=\"wp-caption aligncenter\"><img loading=\"lazy\" decoding=\"async\" aria-describedby=\"caption-attachment-1563\" class=\"wp-image-1563\" src=\"http:\/\/www.sindenfermeiro.com.br\/wp-content\/uploads\/2017\/05\/WhatsApp-Image-2017-05-25-at-14.41.02-2.jpeg\" alt=\"WhatsApp Image 2017-05-25 at 14.41.02 (2)\" width=\"500\" height=\"333\" \/><p id=\"caption-attachment-1563\" class=\"wp-caption-text\"><em>Confer\u00eancia de Sa\u00fade da Mulher, na sede da ABEn<\/em><\/p><\/div>\n<p style=\"text-align: justify\">\n<p style=\"text-align: justify\">Santa Maria e Gama pela Sa\u00fade da Mulher<\/p>\n<p style=\"text-align: justify\">Nessa quinta (25), os Conselhos de Sa\u00fade de Santa Maria e Gama tamb\u00e9m promoveram debate sobre Sa\u00fade da Mulher. O evento, realizado no hospital regional de Santa Maria e aberto \u00e0 comunidade, discutiu os \u201cdesafios para a integralidade com equidade\u201d.<\/p>\n<p style=\"text-align: justify\">Ana Catarine, diretora do SindEnfermeiro, destacou a \u201cimport\u00e2ncia da equidade frente \u00e0s desigualdades sociais\u201d, lembrando a dupla jornada vivida por mulheres trabalhadoras. Ana convocou os presentes a juntarem-se \u00e0 resist\u00eancia contra a reforma da previd\u00eancia &#8211; proposta pelo governo Temer- que aumenta o tempo de contribui\u00e7\u00e3o da mulher, mesmo diante de desigualdades evidentes.<\/p>\n<div id=\"attachment_1550\" style=\"width: 510px\" class=\"wp-caption aligncenter\"><img loading=\"lazy\" decoding=\"async\" aria-describedby=\"caption-attachment-1550\" class=\"wp-image-1550\" src=\"http:\/\/www.sindenfermeiro.com.br\/wp-content\/uploads\/2017\/05\/WhatsApp-Image-2017-05-25-at-10.09.50-900x506.jpeg\" alt=\"WhatsApp Image 2017-05-25 at 10.09.50\" width=\"500\" height=\"281\" \/><p id=\"caption-attachment-1550\" class=\"wp-caption-text\"><em>Confer\u00eancia de Sa\u00fade da Mulher, no Hospital Regional de Santa Maria<\/em><\/p><\/div>\n","protected":false},"excerpt":{"rendered":"<p>Profissionais, especialistas e estudantes de Enfermagem debatem, nessa quinta (25) e sexta (26), condutas e pol\u00edticas voltadas para a Sa\u00fade da Mulher. Durante esses dois dias, a Confer\u00eancia Livre de Enfermagem em Sa\u00fade da Mulher, realizada na sede da Associa\u00e7\u00e3o Brasileira de Enfermagem (ABEn-DF), discute a vulnerabiliza\u00e7\u00e3o e a inser\u00e7\u00e3o da Mulher, na assist\u00eancia e [&hellip;]<\/p>\n","protected":false},"author":6,"featured_media":1572,"comment_status":"closed","ping_status":"closed","sticky":false,"template":"","format":"standard","meta":{"footnotes":""},"categories":[6,2],"tags":[],"class_list":["post-1548","post","type-post","status-publish","format-standard","has-post-thumbnail","hentry","category-noticias","category-teste"],"_links":{"self":[{"href":"https:\/\/sindenfermeiro.com.br\/index.php\/wp-json\/wp\/v2\/posts\/1548","targetHints":{"allow":["GET"]}}],"collection":[{"href":"https:\/\/sindenfermeiro.com.br\/index.php\/wp-json\/wp\/v2\/posts"}],"about":[{"href":"https:\/\/sindenfermeiro.com.br\/index.php\/wp-json\/wp\/v2\/types\/post"}],"author":[{"embeddable":true,"href":"https:\/\/sindenfermeiro.com.br\/index.php\/wp-json\/wp\/v2\/users\/6"}],"replies":[{"embeddable":true,"href":"https:\/\/sindenfermeiro.com.br\/index.php\/wp-json\/wp\/v2\/comments?post=1548"}],"version-history":[{"count":1,"href":"https:\/\/sindenfermeiro.com.br\/index.php\/wp-json\/wp\/v2\/posts\/1548\/revisions"}],"predecessor-version":[{"id":37382,"href":"https:\/\/sindenfermeiro.com.br\/index.php\/wp-json\/wp\/v2\/posts\/1548\/revisions\/37382"}],"wp:featuredmedia":[{"embeddable":true,"href":"https:\/\/sindenfermeiro.com.br\/index.php\/wp-json\/"}],"wp:attachment":[{"href":"https:\/\/sindenfermeiro.com.br\/index.php\/wp-json\/wp\/v2\/media?parent=1548"}],"wp:term":[{"taxonomy":"category","embeddable":true,"href":"https:\/\/sindenfermeiro.com.br\/index.php\/wp-json\/wp\/v2\/categories?post=1548"},{"taxonomy":"post_tag","embeddable":true,"href":"https:\/\/sindenfermeiro.com.br\/index.php\/wp-json\/wp\/v2\/tags?post=1548"}],"curies":[{"name":"wp","href":"https:\/\/api.w.org\/{rel}","templated":true}]}}