{"id":1542,"date":"2017-05-25T18:33:04","date_gmt":"2017-05-25T18:33:04","guid":{"rendered":"http:\/\/www.sindenfermeiro.com.br\/?p=1542"},"modified":"2026-04-29T13:03:13","modified_gmt":"2026-04-29T16:03:13","slug":"fora-temer-e-suas-reformas","status":"publish","type":"post","link":"https:\/\/sindenfermeiro.com.br\/index.php\/2017\/05\/25\/fora-temer-e-suas-reformas\/","title":{"rendered":"Fora Temer e suas reformas"},"content":{"rendered":"<p style=\"text-align: justify\"><em>Por: Jorge Henrique, Diretor do SindEnfermeiro<\/em><\/p>\n<p style=\"text-align: justify\">Na \u00faltima quarta- feira (24), Bras\u00edlia recebeu milhares de trabalhadores de todo o Brasil. Centrais sindicais, movimentos sociais e partidos pol\u00edticos de oposi\u00e7\u00e3o ao Governo Temer organizaram uma manifesta\u00e7\u00e3o nacional, na Capital Federal, \u201cOcupa Bras\u00edlia\u201d. De acordo com os organizadores do protesto, mais de 100 mil trabalhadores e a juventude protagonizaram uma grande manifesta\u00e7\u00e3o contra as reformas da previd\u00eancia e trabalhista, e por elei\u00e7\u00f5es gerais no Brasil.<\/p>\n<p style=\"text-align: justify\">A manifesta\u00e7\u00e3o foi reprimida, mais uma vez, pela pol\u00edcia militar que, atrav\u00e9s de balas de borracha, g\u00e1s de pimenta e bombas de efeito moral, n\u00e3o permitiu que os trabalhadores se aproximassem do Congresso Nacional para exercer o direito de se manifestar e de criticar o Governo. Mas muitos resistiram, sem viol\u00eancia, e garantiram a continua\u00e7\u00e3o da manifesta\u00e7\u00e3o.<\/p>\n<p>&nbsp;<\/p>\n<div id=\"attachment_1544\" style=\"width: 510px\" class=\"wp-caption aligncenter\"><img loading=\"lazy\" decoding=\"async\" aria-describedby=\"caption-attachment-1544\" class=\"wp-image-1544\" src=\"http:\/\/www.sindenfermeiro.com.br\/wp-content\/uploads\/2017\/05\/WhatsApp-Image-2017-05-25-at-15.17.02-900x506.jpeg\" alt=\"WhatsApp Image 2017-05-25 at 15.17.02\" width=\"500\" height=\"281\" \/><p id=\"caption-attachment-1544\" class=\"wp-caption-text\"><em>Foto: Esquerda Online<\/em><\/p><\/div>\n<p style=\"text-align: justify\">A mobiliza\u00e7\u00e3o,\u00a0na Esplanada dos Minist\u00e9rios, mostrou que a unidade de todas as centrais sindicais e partidos pol\u00edticos de oposi\u00e7\u00e3o \u00e9 poss\u00edvel. S\u00f3 essa unidade pode derrotar as reformas do governo Temer e apresentar uma alternativa pol\u00edtica para o Pa\u00eds. Quem viu a marcha, dificilmente ir\u00e1 esquecer a disposi\u00e7\u00e3o de luta dos que estavam presentes. Petroleiros, oper\u00e1rios da constru\u00e7\u00e3o civil, professores, metal\u00fargicos, enfermeiros e t\u00e9cnicos de enfermagem, todos com o sentimento de mudan\u00e7a.<\/p>\n<p style=\"text-align: justify\">\u00c9 necess\u00e1rio que as centrais sindicais e os movimentos sociais convoquem novas mobiliza\u00e7\u00f5es e uma nova greve geral para barrar definitivamente estas reformas.<\/p>\n","protected":false},"excerpt":{"rendered":"<p>Por: Jorge Henrique, Diretor do SindEnfermeiro Na \u00faltima quarta- feira (24), Bras\u00edlia recebeu milhares de trabalhadores de todo o Brasil. Centrais sindicais, movimentos sociais e partidos pol\u00edticos de oposi\u00e7\u00e3o ao Governo Temer organizaram uma manifesta\u00e7\u00e3o nacional, na Capital Federal, \u201cOcupa Bras\u00edlia\u201d. De acordo com os organizadores do protesto, mais de 100 mil trabalhadores e a [&hellip;]<\/p>\n","protected":false},"author":6,"featured_media":1544,"comment_status":"closed","ping_status":"closed","sticky":false,"template":"","format":"standard","meta":{"footnotes":""},"categories":[6,2],"tags":[],"class_list":["post-1542","post","type-post","status-publish","format-standard","has-post-thumbnail","hentry","category-noticias","category-teste"],"_links":{"self":[{"href":"https:\/\/sindenfermeiro.com.br\/index.php\/wp-json\/wp\/v2\/posts\/1542","targetHints":{"allow":["GET"]}}],"collection":[{"href":"https:\/\/sindenfermeiro.com.br\/index.php\/wp-json\/wp\/v2\/posts"}],"about":[{"href":"https:\/\/sindenfermeiro.com.br\/index.php\/wp-json\/wp\/v2\/types\/post"}],"author":[{"embeddable":true,"href":"https:\/\/sindenfermeiro.com.br\/index.php\/wp-json\/wp\/v2\/users\/6"}],"replies":[{"embeddable":true,"href":"https:\/\/sindenfermeiro.com.br\/index.php\/wp-json\/wp\/v2\/comments?post=1542"}],"version-history":[{"count":1,"href":"https:\/\/sindenfermeiro.com.br\/index.php\/wp-json\/wp\/v2\/posts\/1542\/revisions"}],"predecessor-version":[{"id":37399,"href":"https:\/\/sindenfermeiro.com.br\/index.php\/wp-json\/wp\/v2\/posts\/1542\/revisions\/37399"}],"wp:featuredmedia":[{"embeddable":true,"href":"https:\/\/sindenfermeiro.com.br\/index.php\/wp-json\/"}],"wp:attachment":[{"href":"https:\/\/sindenfermeiro.com.br\/index.php\/wp-json\/wp\/v2\/media?parent=1542"}],"wp:term":[{"taxonomy":"category","embeddable":true,"href":"https:\/\/sindenfermeiro.com.br\/index.php\/wp-json\/wp\/v2\/categories?post=1542"},{"taxonomy":"post_tag","embeddable":true,"href":"https:\/\/sindenfermeiro.com.br\/index.php\/wp-json\/wp\/v2\/tags?post=1542"}],"curies":[{"name":"wp","href":"https:\/\/api.w.org\/{rel}","templated":true}]}}