{"id":1519,"date":"2017-05-22T15:17:05","date_gmt":"2017-05-22T15:17:05","guid":{"rendered":"http:\/\/www.sindenfermeiro.com.br\/?p=1519"},"modified":"2026-04-29T12:01:06","modified_gmt":"2026-04-29T15:01:06","slug":"entidades-do-distrito-federal-lancam-frente-unica-da-enfermagem","status":"publish","type":"post","link":"https:\/\/sindenfermeiro.com.br\/index.php\/2017\/05\/22\/entidades-do-distrito-federal-lancam-frente-unica-da-enfermagem\/","title":{"rendered":"Entidades do Distrito Federal lan\u00e7am Frente \u00danica da Enfermagem"},"content":{"rendered":"<p style=\"text-align: justify\">Sindicato dos Enfermeiros (SindEnfermeiro-DF), dos Auxiliares e T\u00e9cnicos (Sindate-DF), Associa\u00e7\u00e3o Brasileira (ABEn-DF) e Conselho Regional de Enfermagem (Coren-DF) lan\u00e7aram a Frente \u00danica da Enfermagem (Fuenf). O lan\u00e7amento aconteceu na cerim\u00f4nia de fechamento da 78\u00aa Semana Brasileira de Enfermagem, na \u00faltima sexta (19), na sede da ABEn-DF. O colegiado tem como objetivo, somar as for\u00e7as e a representatividade das entidades para trabalhar por melhorias na Enfermagem do Distrito Federal.<\/p>\n<p style=\"text-align: justify\">Dayse Amar\u00edlio, presidente do SindEnfermeiro, destacou a Semana Brasileira da Enfermagem como um momento importante para a \u201creflex\u00e3o sobre os desafios da profiss\u00e3o\u201d e para o marco inicial de uma iniciativa como a da Frente \u00danica. \u201cSe as pessoas realmente entendessem o valor da enfermagem, tudo seria t\u00e3o diferente. Ter\u00edamos melhores condi\u00e7\u00f5es de trabalho e uma possibilidade maior de continuar mudando nossa realidade. Mas temos que levantar a cabe\u00e7a e continuar fazendo o que acreditamos. Convido voc\u00eas a mudar essa nossa realidade. N\u00f3s fazemos a diferen\u00e7a\u201d, disse Dayse.<\/p>\n<p style=\"text-align: justify\"><img loading=\"lazy\" decoding=\"async\" class=\" wp-image-1522 aligncenter\" src=\"http:\/\/www.sindenfermeiro.com.br\/wp-content\/uploads\/2017\/05\/MG_1560.jpg\" alt=\"_MG_1560\" width=\"500\" height=\"333\" \/><\/p>\n<p style=\"text-align: justify\">Rosalina Aratani, presidente da ABEn-DF, chamou a aten\u00e7\u00e3o para a uni\u00e3o das entidades, e para o objetivo de trabalhar pelos projetos que contribu\u00edam para o desenvolvimento da Enfermagem. \u201cTemos diferentes entidades representativas. Cada uma tem o seu papel, que \u00e9 muito importante. Mas temos lutas em comum. Todos lutamos para que essa enfermagem tenha o seu devido respeito e reconhecimento. Em fun\u00e7\u00e3o disso, chegamos a conclus\u00e3o que precis\u00e1vamos atuar de forma mais unificada. Isso n\u00e3o quer dizer que vamos deixar de ter as nossas especificidades\u201d, disse Rosalina.<\/p>\n<p style=\"text-align: justify\">De acordo com a presidente da ABEn, a Frente \u00danica \u00e9 uma iniciativa que \u201cfaz com que os profissionais da Enfermagem tenham mais voz e maior poder de enfrentamento, nas quest\u00f5es que dizem respeito a profiss\u00e3o\u201d. Rosalina explica que a uni\u00e3o das entidades visa aumentar a representatividade desses profissionais, nas inst\u00e2ncias que definem as pol\u00edticas para as categorias da Enfermagem. \u201cExistem espa\u00e7os que precisam ser melhor ocupados pela enfermagem. E a frente \u00fanica tem esse papel\u201d, disse.<\/p>\n<p style=\"text-align: justify\"><strong>Primeiras lutas<\/strong><\/p>\n<p style=\"text-align: justify\">A Frente \u00danica da Enfermagem j\u00e1 iniciou debate com a Secretaria de Sa\u00fade para que criem-se as carreiras espec\u00edficas de enfermeiros de sa\u00fade da fam\u00edlia e comunidade e obstetra. Segundo a Frente \u00danica, essas carreiras foram escolhidas, nesse primeiro momento, por tratar-se de fun\u00e7\u00f5es em que precisa-se de uma \u201cdefini\u00e7\u00e3o melhor como espa\u00e7os de trabalho da enfermagem\u201d.<\/p>\n<p style=\"text-align: justify\"><strong>Profissionais e estudantes\u00a0premiados\u00a0<\/strong><\/p>\n<p style=\"text-align: justify\">Profissionais e estudantes de Enfermagem foram premiados pela participa\u00e7\u00e3o no concurso de trabalhos da Semana da Enfermagem.<\/p>\n<p style=\"text-align: justify\"><img loading=\"lazy\" decoding=\"async\" class=\" wp-image-1525 aligncenter\" src=\"http:\/\/www.sindenfermeiro.com.br\/wp-content\/uploads\/2017\/05\/MG_1568.jpg\" alt=\"_MG_1568\" width=\"500\" height=\"333\" \/><\/p>\n<p style=\"text-align: justify\"><img loading=\"lazy\" decoding=\"async\" class=\" wp-image-1527 aligncenter\" src=\"http:\/\/www.sindenfermeiro.com.br\/wp-content\/uploads\/2017\/05\/MG_1575.jpg\" alt=\"_MG_1575\" width=\"500\" height=\"333\" \/><\/p>\n<p style=\"text-align: justify\"><img loading=\"lazy\" decoding=\"async\" class=\" wp-image-1528 aligncenter\" src=\"http:\/\/www.sindenfermeiro.com.br\/wp-content\/uploads\/2017\/05\/MG_1577.jpg\" alt=\"_MG_1577\" width=\"500\" height=\"333\" \/><\/p>\n<p style=\"text-align: justify\"><img loading=\"lazy\" decoding=\"async\" class=\" wp-image-1524 aligncenter\" src=\"http:\/\/www.sindenfermeiro.com.br\/wp-content\/uploads\/2017\/05\/MG_1565.jpg\" alt=\"_MG_1565\" width=\"500\" height=\"333\" \/><\/p>\n<p style=\"text-align: justify\"><img loading=\"lazy\" decoding=\"async\" class=\"wp-image-1523 aligncenter\" src=\"http:\/\/www.sindenfermeiro.com.br\/wp-content\/uploads\/2017\/05\/MG_1564.jpg\" alt=\"_MG_1564\" width=\"500\" height=\"333\" \/><\/p>\n<p style=\"text-align: justify\"><img loading=\"lazy\" decoding=\"async\" class=\" wp-image-1526 aligncenter\" src=\"http:\/\/www.sindenfermeiro.com.br\/wp-content\/uploads\/2017\/05\/MG_1572.jpg\" alt=\"_MG_1572\" width=\"500\" height=\"333\" \/><\/p>\n<p style=\"text-align: justify\"><img loading=\"lazy\" decoding=\"async\" class=\" wp-image-1529 aligncenter\" src=\"http:\/\/www.sindenfermeiro.com.br\/wp-content\/uploads\/2017\/05\/MG_1579.jpg\" alt=\"_MG_1579\" width=\"500\" height=\"333\" \/><\/p>\n<p style=\"text-align: justify\"><img loading=\"lazy\" decoding=\"async\" class=\" wp-image-1535 aligncenter\" src=\"http:\/\/www.sindenfermeiro.com.br\/wp-content\/uploads\/2017\/05\/MG_1617.jpg\" alt=\"_MG_1617\" width=\"500\" height=\"333\" \/><\/p>\n<p style=\"text-align: justify\"><img loading=\"lazy\" decoding=\"async\" class=\" wp-image-1532 aligncenter\" src=\"http:\/\/www.sindenfermeiro.com.br\/wp-content\/uploads\/2017\/05\/MG_1610.jpg\" alt=\"_MG_1610\" width=\"500\" height=\"333\" \/><\/p>\n<p style=\"text-align: justify\"><img loading=\"lazy\" decoding=\"async\" class=\" wp-image-1531 aligncenter\" src=\"http:\/\/www.sindenfermeiro.com.br\/wp-content\/uploads\/2017\/05\/MG_1604.jpg\" alt=\"_MG_1604\" width=\"500\" height=\"333\" \/><\/p>\n<p style=\"text-align: justify\"><img loading=\"lazy\" decoding=\"async\" class=\" wp-image-1530 aligncenter\" src=\"http:\/\/www.sindenfermeiro.com.br\/wp-content\/uploads\/2017\/05\/MG_1602.jpg\" alt=\"_MG_1602\" width=\"500\" height=\"333\" \/><\/p>\n<p style=\"text-align: justify\"><img loading=\"lazy\" decoding=\"async\" class=\"wp-image-1533 aligncenter\" src=\"http:\/\/www.sindenfermeiro.com.br\/wp-content\/uploads\/2017\/05\/MG_1611.jpg\" alt=\"_MG_1611\" width=\"500\" height=\"333\" \/><\/p>\n<p style=\"text-align: justify\"><img loading=\"lazy\" decoding=\"async\" class=\" wp-image-1534 aligncenter\" src=\"http:\/\/www.sindenfermeiro.com.br\/wp-content\/uploads\/2017\/05\/MG_1615.jpg\" alt=\"_MG_1615\" width=\"500\" height=\"333\" \/><\/p>\n<p style=\"text-align: justify\"><img loading=\"lazy\" decoding=\"async\" class=\" wp-image-1537 aligncenter\" src=\"http:\/\/www.sindenfermeiro.com.br\/wp-content\/uploads\/2017\/05\/MG_1624.jpg\" alt=\"_MG_1624\" width=\"500\" height=\"333\" \/><\/p>\n<p style=\"text-align: justify\"><img loading=\"lazy\" decoding=\"async\" class=\" wp-image-1536 aligncenter\" src=\"http:\/\/www.sindenfermeiro.com.br\/wp-content\/uploads\/2017\/05\/MG_1619.jpg\" alt=\"_MG_1619\" width=\"500\" height=\"333\" \/><\/p>\n<p style=\"text-align: justify\"><img loading=\"lazy\" decoding=\"async\" class=\" wp-image-1538 aligncenter\" src=\"http:\/\/www.sindenfermeiro.com.br\/wp-content\/uploads\/2017\/05\/MG_1628.jpg\" alt=\"_MG_1628\" width=\"500\" height=\"333\" \/><\/p>\n<p style=\"text-align: justify\"><img loading=\"lazy\" decoding=\"async\" class=\" wp-image-1539 aligncenter\" src=\"http:\/\/www.sindenfermeiro.com.br\/wp-content\/uploads\/2017\/05\/MG_1631.jpg\" alt=\"_MG_1631\" width=\"500\" height=\"333\" \/><\/p>\n","protected":false},"excerpt":{"rendered":"<p>Sindicato dos Enfermeiros (SindEnfermeiro-DF), dos Auxiliares e T\u00e9cnicos (Sindate-DF), Associa\u00e7\u00e3o Brasileira (ABEn-DF) e Conselho Regional de Enfermagem (Coren-DF) lan\u00e7aram a Frente \u00danica da Enfermagem (Fuenf). O lan\u00e7amento aconteceu na cerim\u00f4nia de fechamento da 78\u00aa Semana Brasileira de Enfermagem, na \u00faltima sexta (19), na sede da ABEn-DF. O colegiado tem como objetivo, somar as for\u00e7as e [&hellip;]<\/p>\n","protected":false},"author":6,"featured_media":1525,"comment_status":"closed","ping_status":"closed","sticky":false,"template":"","format":"standard","meta":{"footnotes":""},"categories":[6,2],"tags":[],"class_list":["post-1519","post","type-post","status-publish","format-standard","has-post-thumbnail","hentry","category-noticias","category-teste"],"_links":{"self":[{"href":"https:\/\/sindenfermeiro.com.br\/index.php\/wp-json\/wp\/v2\/posts\/1519","targetHints":{"allow":["GET"]}}],"collection":[{"href":"https:\/\/sindenfermeiro.com.br\/index.php\/wp-json\/wp\/v2\/posts"}],"about":[{"href":"https:\/\/sindenfermeiro.com.br\/index.php\/wp-json\/wp\/v2\/types\/post"}],"author":[{"embeddable":true,"href":"https:\/\/sindenfermeiro.com.br\/index.php\/wp-json\/wp\/v2\/users\/6"}],"replies":[{"embeddable":true,"href":"https:\/\/sindenfermeiro.com.br\/index.php\/wp-json\/wp\/v2\/comments?post=1519"}],"version-history":[{"count":1,"href":"https:\/\/sindenfermeiro.com.br\/index.php\/wp-json\/wp\/v2\/posts\/1519\/revisions"}],"predecessor-version":[{"id":25507,"href":"https:\/\/sindenfermeiro.com.br\/index.php\/wp-json\/wp\/v2\/posts\/1519\/revisions\/25507"}],"wp:featuredmedia":[{"embeddable":true,"href":"https:\/\/sindenfermeiro.com.br\/index.php\/wp-json\/"}],"wp:attachment":[{"href":"https:\/\/sindenfermeiro.com.br\/index.php\/wp-json\/wp\/v2\/media?parent=1519"}],"wp:term":[{"taxonomy":"category","embeddable":true,"href":"https:\/\/sindenfermeiro.com.br\/index.php\/wp-json\/wp\/v2\/categories?post=1519"},{"taxonomy":"post_tag","embeddable":true,"href":"https:\/\/sindenfermeiro.com.br\/index.php\/wp-json\/wp\/v2\/tags?post=1519"}],"curies":[{"name":"wp","href":"https:\/\/api.w.org\/{rel}","templated":true}]}}