{"id":1502,"date":"2017-05-18T20:32:48","date_gmt":"2017-05-18T20:32:48","guid":{"rendered":"http:\/\/www.sindenfermeiro.com.br\/?p=1502"},"modified":"2026-04-29T11:58:57","modified_gmt":"2026-04-29T14:58:57","slug":"sindenfermeiro-participa-de-homenagem-a-profissionais-do-hospital-de-base","status":"publish","type":"post","link":"https:\/\/sindenfermeiro.com.br\/index.php\/2017\/05\/18\/sindenfermeiro-participa-de-homenagem-a-profissionais-do-hospital-de-base\/","title":{"rendered":"SindEnfermeiro participa de homenagem a profissionais do Hospital de Base"},"content":{"rendered":"<p style=\"text-align: justify\">Nessa quinta (18), o Sindicato dos Enfermeiros do Distrito Federal (SindEnfermeiro-DF) participou de homenagem aos enfermeiros do Hospital de Base (HBDF). A iniciativa faz parte das celebra\u00e7\u00f5es pela 78\u00aa\u00a0Semana Brasileira de Enfermagem.<\/p>\n<p style=\"text-align: justify\">Marcio da Mata, diretor do SindEnfermeiro, destacou que \u201co Hospital de Base conta com profissionais altamente capacitados e dedicados\u201d. Marcio lembrou que a excel\u00eancia do atendimento prestado no Base existe por conta da coragem da enfermagem de superar os desafios impostos. \u201cSe essas pessoas n\u00e3o estivessem aqui, esse hospital n\u00e3o estaria atendendo esses pacientes como faz, diariamente, mesmo diante das dificuldades que s\u00e3o impostas, muitas vezes, por quest\u00f5es alheias \u00e0s nossas vontades. Quest\u00f5es que v\u00eam de outras inst\u00e2ncias. Aqui existem profissionais que enfrentam essa batalha e cuidam bem das pessoas que procuram o Base, \u00faltima linha de atendimento do Distrito Federal\u201d, disse.<\/p>\n<p style=\"text-align: justify\"><img loading=\"lazy\" decoding=\"async\" class=\"wp-image-1504 aligncenter\" src=\"http:\/\/www.sindenfermeiro.com.br\/wp-content\/uploads\/2017\/05\/MG_1323.jpg\" alt=\"_MG_1323\" width=\"500\" height=\"333\" \/><\/p>\n<p style=\"text-align: justify\">Diretor-geral do hospital, J\u00falio C\u00e9sar Ferreira refor\u00e7ou que os dias de hoje s\u00e3o dif\u00edceis e que essa dificuldade reflete no trabalho realizado no Base. Mas, ainda de acordo com o diretor do hospital, a enfermagem exerce papel fundamental na assist\u00eancia do HBDF. \u201cPara mim, o papel da enfermagem, dentro do Hospital de Base, \u00e9 de um ex\u00e9rcito. E dentro desse ex\u00e9rcito, ela \u00e9 a artilharia, aquele pelot\u00e3o que vai na frente, n\u00e3o retrocede e se mant\u00e9m de p\u00e9\u201d, disse J\u00falio lembrando ainda que a enfermagem do Base \u201c\u00e9 de ponta\u201d. De acordo com o diretor do HBDF, \u201c\u00e9 imposs\u00edvel imaginar qualquer servi\u00e7o de sa\u00fade sem a enfermagem\u201d.<\/p>\n<p style=\"text-align: justify\">Aline Freitas, gerente de Enfermagem do hospital, destacou o planejamento estrat\u00e9gico e as boas pr\u00e1ticas realizados pelos pr\u00f3prios enfermeiros e t\u00e9cnicos do hospital. O que tem influenciado, diretamente, na organiza\u00e7\u00e3o e no desempenho do Base e, consequentemente, na assist\u00eancia prestada ao paciente. \u201cFazemos um trabalho pautado em boas pr\u00e1ticas. E boas pr\u00e1ticas n\u00e3o s\u00e3o s\u00f3 boas inten\u00e7\u00f5es. Tem que ser o conhecimento aliado \u00e0 t\u00e9cnica, ci\u00eancia e ao m\u00e9todo. Atrav\u00e9s de uma visita diagn\u00f3stica, levantamos os problemas de todas as \u00e1reas e tra\u00e7amos um plano. Listando uma boa pr\u00e1tica de cada setor, conseguimos ver muita coisa boa sendo feita em cada unidade. Todo mundo fez a diferen\u00e7a\u201d, disse Aline, ao lembrar as iniciativas de cada equipe de enfermagem do hospital.<\/p>\n<p style=\"text-align: justify\">Diante da exposi\u00e7\u00e3o das boas pr\u00e1ticas desenvolvidas pelos profissionais do base, a presidente do SindEnfermeiro, Dayse Amar\u00edlio colocou toda a equipe de enfermeiros mestres do sindicato \u00e0 disposi\u00e7\u00e3o, para dar todo o apoio necess\u00e1rio ao N\u00facleo de Educa\u00e7\u00e3o continuada do hospital.<\/p>\n<p style=\"text-align: justify\"><img loading=\"lazy\" decoding=\"async\" class=\" wp-image-1506 aligncenter\" src=\"http:\/\/www.sindenfermeiro.com.br\/wp-content\/uploads\/2017\/05\/MG_1407.jpg\" alt=\"_MG_1407\" width=\"500\" height=\"333\" \/><\/p>\n<p style=\"text-align: justify\"><strong>Boas pr\u00e1ticas<\/strong><\/p>\n<p style=\"text-align: justify\">No 11\u00ba andar do Base, profissionais organizaram a sala de material de estoques, identificando cada item, e listando todos os materiais e equipamentos (de acordo com a quantidade).<\/p>\n<p style=\"text-align: justify\">No 10\u00ba andar, organizaram a sala de repouso, onde haviam entulhos que dificultavam o descanso dos profissionais.<\/p>\n<p style=\"text-align: justify\">No 9\u00ba, adotaram, por iniciativa pr\u00f3pria, o uso de jaleco, blusa, cal\u00e7a e sapato exclusivamente brancos.<\/p>\n<p style=\"text-align: justify\">No 8\u00ba, profissionais organizam kits de materiais para realiza\u00e7\u00e3o de procedimentos.<\/p>\n<p style=\"text-align: justify\">No 7\u00ba andar, uma equipe de enfermagem \u00e9 destinada, exclusivamente, ao atendimento \u00e0s crian\u00e7as em estado grave. Presta-se assist\u00eancia de qualidade, individualizada e direta.<\/p>\n<p style=\"text-align: justify\">No 5\u00ba andar, profissionais reciclaram gal\u00f5es e os utilizam como organizadores de materiais, identificando os itens e evitando equ\u00edvocos.<\/p>\n<p style=\"text-align: justify\">No 4\u00ba andar, as equipes fazem reuni\u00f5es sistem\u00e1ticas com acompanhantes, com o objetivo de orient\u00e1-los.<\/p>\n<p style=\"text-align: justify\">O 3\u00ba andar possui visita multidisciplinar, caracter\u00edstica da neurocirurgia e de alta efici\u00eancia na recupera\u00e7\u00e3o de pacientes.<\/p>\n<p style=\"text-align: justify\">No 2\u00ba andar, a ortopedia otimizou espa\u00e7o ao utilizar apenas uma sala para reserva de mat\u00e9rias, ao inv\u00e9s das 3 que haviam.<\/p>\n<p><img loading=\"lazy\" decoding=\"async\" class=\" wp-image-1511 aligncenter\" src=\"http:\/\/www.sindenfermeiro.com.br\/wp-content\/uploads\/2017\/05\/MG_1461.jpg\" alt=\"_MG_1461\" width=\"500\" height=\"333\" \/> <img loading=\"lazy\" decoding=\"async\" class=\" wp-image-1510 aligncenter\" src=\"http:\/\/www.sindenfermeiro.com.br\/wp-content\/uploads\/2017\/05\/MG_1456.jpg\" alt=\"_MG_1456\" width=\"500\" height=\"333\" \/> <img loading=\"lazy\" decoding=\"async\" class=\"wp-image-1509 aligncenter\" src=\"http:\/\/www.sindenfermeiro.com.br\/wp-content\/uploads\/2017\/05\/MG_1453.jpg\" alt=\"_MG_1453\" width=\"500\" height=\"333\" \/> <img loading=\"lazy\" decoding=\"async\" class=\"wp-image-1508 aligncenter\" src=\"http:\/\/www.sindenfermeiro.com.br\/wp-content\/uploads\/2017\/05\/MG_1448.jpg\" alt=\"_MG_1448\" width=\"500\" height=\"333\" \/> <img loading=\"lazy\" decoding=\"async\" class=\" wp-image-1512 aligncenter\" src=\"http:\/\/www.sindenfermeiro.com.br\/wp-content\/uploads\/2017\/05\/MG_1465.jpg\" alt=\"_MG_1465\" width=\"500\" height=\"333\" \/> <img loading=\"lazy\" decoding=\"async\" class=\" wp-image-1507 aligncenter\" src=\"http:\/\/www.sindenfermeiro.com.br\/wp-content\/uploads\/2017\/05\/MG_1420.jpg\" alt=\"_MG_1420\" width=\"500\" height=\"333\" \/><\/p>\n<p>&nbsp;<\/p>\n","protected":false},"excerpt":{"rendered":"<p>Nessa quinta (18), o Sindicato dos Enfermeiros do Distrito Federal (SindEnfermeiro-DF) participou de homenagem aos enfermeiros do Hospital de Base (HBDF). A iniciativa faz parte das celebra\u00e7\u00f5es pela 78\u00aa\u00a0Semana Brasileira de Enfermagem. Marcio da Mata, diretor do SindEnfermeiro, destacou que \u201co Hospital de Base conta com profissionais altamente capacitados e dedicados\u201d. Marcio lembrou que a [&hellip;]<\/p>\n","protected":false},"author":6,"featured_media":1506,"comment_status":"closed","ping_status":"closed","sticky":false,"template":"","format":"standard","meta":{"footnotes":""},"categories":[6,2],"tags":[],"class_list":["post-1502","post","type-post","status-publish","format-standard","has-post-thumbnail","hentry","category-noticias","category-teste"],"_links":{"self":[{"href":"https:\/\/sindenfermeiro.com.br\/index.php\/wp-json\/wp\/v2\/posts\/1502","targetHints":{"allow":["GET"]}}],"collection":[{"href":"https:\/\/sindenfermeiro.com.br\/index.php\/wp-json\/wp\/v2\/posts"}],"about":[{"href":"https:\/\/sindenfermeiro.com.br\/index.php\/wp-json\/wp\/v2\/types\/post"}],"author":[{"embeddable":true,"href":"https:\/\/sindenfermeiro.com.br\/index.php\/wp-json\/wp\/v2\/users\/6"}],"replies":[{"embeddable":true,"href":"https:\/\/sindenfermeiro.com.br\/index.php\/wp-json\/wp\/v2\/comments?post=1502"}],"version-history":[{"count":1,"href":"https:\/\/sindenfermeiro.com.br\/index.php\/wp-json\/wp\/v2\/posts\/1502\/revisions"}],"predecessor-version":[{"id":19709,"href":"https:\/\/sindenfermeiro.com.br\/index.php\/wp-json\/wp\/v2\/posts\/1502\/revisions\/19709"}],"wp:featuredmedia":[{"embeddable":true,"href":"https:\/\/sindenfermeiro.com.br\/index.php\/wp-json\/"}],"wp:attachment":[{"href":"https:\/\/sindenfermeiro.com.br\/index.php\/wp-json\/wp\/v2\/media?parent=1502"}],"wp:term":[{"taxonomy":"category","embeddable":true,"href":"https:\/\/sindenfermeiro.com.br\/index.php\/wp-json\/wp\/v2\/categories?post=1502"},{"taxonomy":"post_tag","embeddable":true,"href":"https:\/\/sindenfermeiro.com.br\/index.php\/wp-json\/wp\/v2\/tags?post=1502"}],"curies":[{"name":"wp","href":"https:\/\/api.w.org\/{rel}","templated":true}]}}