{"id":1498,"date":"2017-05-17T19:49:08","date_gmt":"2017-05-17T19:49:08","guid":{"rendered":"http:\/\/www.sindenfermeiro.com.br\/?p=1498"},"modified":"2026-04-29T11:58:59","modified_gmt":"2026-04-29T14:58:59","slug":"comissao-de-saude-da-camara-rejeita-instituto-hospital-de-base","status":"publish","type":"post","link":"https:\/\/sindenfermeiro.com.br\/index.php\/2017\/05\/17\/comissao-de-saude-da-camara-rejeita-instituto-hospital-de-base\/","title":{"rendered":"Comiss\u00e3o de Sa\u00fade da C\u00e2mara rejeita Instituto Hospital de Base"},"content":{"rendered":"<p style=\"text-align: justify\"><em><strong>No entanto, proposta ainda segue para an\u00e1lise do plen\u00e1rio da Casa<\/strong><\/em><\/p>\n<p style=\"text-align: justify\">Nessa quarta (18), o Projeto de Lei (PL n\u00ba 1.486\/2017), que estabelece o Instituto Hospital de Base (IHBDF) foi reprovado na Comiss\u00e3o de Educa\u00e7\u00e3o, Sa\u00fade e Cultura (CESC) da C\u00e2mara Legislativa (CLDF).<\/p>\n<p style=\"text-align: justify\">Sem a leitura do relat\u00f3rio do deputado Juarez\u00e3o (PSB) \u2013 que se ausentou consecutivas vezes da comiss\u00e3o e, no \u00faltimo dia 3, chegou a abandon\u00e1-la para n\u00e3o ler seu parecer\u00a0\u2013 os deputados Wasny de Roure (PT), Raimundo Ribeiro e Reginaldo Veras (PDT) votaram pela rejei\u00e7\u00e3o do projeto. Presidente da CESC , Wasny apresentou seu voto em separado.<\/p>\n<p style=\"text-align: justify\">Agora a mat\u00e9ria segue para plen\u00e1rio, onde dever\u00e1 ser avaliada pelos demais parlamentares e ter sua decis\u00e3o terminativa.<\/p>\n<p style=\"text-align: justify\">Por esse motivo, o Sindicato dos Enfermeiros agradece a todos os profissionais e usu\u00e1rios da Sa\u00fade que estiveram presentes nas reuni\u00f5es da Comiss\u00e3o de Educa\u00e7\u00e3o, Sa\u00fade durante a discuss\u00e3o do projeto, mas convoca todos a estarem atentos aos pr\u00f3ximos informes a respeito do projeto e sua vota\u00e7\u00e3o no plen\u00e1rio da Casa.<\/p>\n<p style=\"text-align: justify\">Precisamos de todos os cidad\u00e3os\u00a0e da categoria mobilizada contra a privatiza\u00e7\u00e3o do patrim\u00f4nio da Sa\u00fade p\u00fablica do DF.<\/p>\n<p style=\"text-align: justify\">Esse ser\u00e1 mais um importante momento para lotarmos as galerias da C\u00e2mara e mostrar aos deputados que a privatiza\u00e7\u00e3o do Hospital de Base n\u00e3o tem a aprova\u00e7\u00e3o da popula\u00e7\u00e3o e dos servidores que fazem a sa\u00fade do Distrito Federal.<\/p>\n<p style=\"text-align: justify\">O Base \u00e9 do Povo.<\/p>\n<p style=\"text-align: justify\"><img loading=\"lazy\" decoding=\"async\" class=\" wp-image-1226 aligncenter\" src=\"http:\/\/www.sindenfermeiro.com.br\/wp-content\/uploads\/2017\/04\/contra-o-instituto-melhor-900x675.jpg\" alt=\"contra o instituto melhor\" width=\"500\" height=\"375\" \/><\/p>\n","protected":false},"excerpt":{"rendered":"<p>No entanto, proposta ainda segue para an\u00e1lise do plen\u00e1rio da Casa Nessa quarta (18), o Projeto de Lei (PL n\u00ba 1.486\/2017), que estabelece o Instituto Hospital de Base (IHBDF) foi reprovado na Comiss\u00e3o de Educa\u00e7\u00e3o, Sa\u00fade e Cultura (CESC) da C\u00e2mara Legislativa (CLDF). Sem a leitura do relat\u00f3rio do deputado Juarez\u00e3o (PSB) \u2013 que se [&hellip;]<\/p>\n","protected":false},"author":6,"featured_media":1226,"comment_status":"closed","ping_status":"closed","sticky":false,"template":"","format":"standard","meta":{"footnotes":""},"categories":[6,2],"tags":[],"class_list":["post-1498","post","type-post","status-publish","format-standard","has-post-thumbnail","hentry","category-noticias","category-teste"],"_links":{"self":[{"href":"https:\/\/sindenfermeiro.com.br\/index.php\/wp-json\/wp\/v2\/posts\/1498","targetHints":{"allow":["GET"]}}],"collection":[{"href":"https:\/\/sindenfermeiro.com.br\/index.php\/wp-json\/wp\/v2\/posts"}],"about":[{"href":"https:\/\/sindenfermeiro.com.br\/index.php\/wp-json\/wp\/v2\/types\/post"}],"author":[{"embeddable":true,"href":"https:\/\/sindenfermeiro.com.br\/index.php\/wp-json\/wp\/v2\/users\/6"}],"replies":[{"embeddable":true,"href":"https:\/\/sindenfermeiro.com.br\/index.php\/wp-json\/wp\/v2\/comments?post=1498"}],"version-history":[{"count":1,"href":"https:\/\/sindenfermeiro.com.br\/index.php\/wp-json\/wp\/v2\/posts\/1498\/revisions"}],"predecessor-version":[{"id":37398,"href":"https:\/\/sindenfermeiro.com.br\/index.php\/wp-json\/wp\/v2\/posts\/1498\/revisions\/37398"}],"wp:featuredmedia":[{"embeddable":true,"href":"https:\/\/sindenfermeiro.com.br\/index.php\/wp-json\/"}],"wp:attachment":[{"href":"https:\/\/sindenfermeiro.com.br\/index.php\/wp-json\/wp\/v2\/media?parent=1498"}],"wp:term":[{"taxonomy":"category","embeddable":true,"href":"https:\/\/sindenfermeiro.com.br\/index.php\/wp-json\/wp\/v2\/categories?post=1498"},{"taxonomy":"post_tag","embeddable":true,"href":"https:\/\/sindenfermeiro.com.br\/index.php\/wp-json\/wp\/v2\/tags?post=1498"}],"curies":[{"name":"wp","href":"https:\/\/api.w.org\/{rel}","templated":true}]}}