{"id":1488,"date":"2017-05-17T15:51:13","date_gmt":"2017-05-17T15:51:13","guid":{"rendered":"http:\/\/www.sindenfermeiro.com.br\/?p=1488"},"modified":"2026-04-29T12:00:08","modified_gmt":"2026-04-29T15:00:08","slug":"hfa-homenageia-enfermeiros-e-celebra-semana-brasileira-de-enfermagem","status":"publish","type":"post","link":"https:\/\/sindenfermeiro.com.br\/index.php\/2017\/05\/17\/hfa-homenageia-enfermeiros-e-celebra-semana-brasileira-de-enfermagem\/","title":{"rendered":"HFA homenageia enfermeiros e celebra Semana Brasileira de Enfermagem"},"content":{"rendered":"<p style=\"text-align: justify\">Na manh\u00e3 dessa quarta (17), o Sindicato dos Enfermeiros do Distrito Federal (SindEnfermeiro-DF) participou da abertura de evento, realizado pelo Hospital das For\u00e7as Armadas (HFA), em celebra\u00e7\u00e3o a Semana Brasileira de Enfermagem. Profissionais foram homenageados pelo comando do hospital, onde acontecem palestras e cursos voltados \u00e0 enfermagem at\u00e9 o pr\u00f3ximo dia 20.<\/p>\n<p style=\"text-align: justify\">Dayse Amar\u00edlio, presidente do SindEnfermeiro saudou comando e funcion\u00e1rios do HFA. \u201c\u00c9 uma grande alegria estar aqui. O HFA \u00e9 um hospital de muita refer\u00eancia em Bras\u00edlia. Dayse destacou a import\u00e2ncia do enfermeiro e as fun\u00e7\u00f5es social e trabalhista do sindicato, colocando a institui\u00e7\u00e3o \u00e0 disposi\u00e7\u00e3o dos enfermeiros que trabalham no hospital. \u201cO profissional de enfermagem \u00e9 o elo de toda a equipe de sa\u00fade. E ele muda o ambiente em que est\u00e1 inserido. A fun\u00e7\u00e3o do sindicato \u00e9 mudar o meio social para poder dar condi\u00e7\u00f5es melhores e mudar essa sociedade, atrav\u00e9s da categoria. \u00c9 isso que queremos fazer. E \u00e9 por isso que o sindicato se coloca \u00e0 disposi\u00e7\u00e3o de toda a parte t\u00e9cnica e de enfermagem do HFA\u201d, disse Dayse.<\/p>\n<p style=\"text-align: justify\"><img loading=\"lazy\" decoding=\"async\" class=\" wp-image-1494 aligncenter\" src=\"http:\/\/www.sindenfermeiro.com.br\/wp-content\/uploads\/2017\/05\/MG_1243.jpg\" alt=\"_MG_1243\" width=\"500\" height=\"333\" \/><\/p>\n<p style=\"text-align: justify\">O Comandante Log\u00edstico do HFA (que funciona desde 1962), general Paulo S\u00e9rgio Nogueira chamou chamou a aten\u00e7\u00e3o para a magnitude do hospital e para a import\u00e2ncia da celebra\u00e7\u00e3o da Semana da Enfermagem. \u201dO HFA tem um efetivo aproximado de 2.600 servidores \u2013 entre civis e militares das 3 for\u00e7as -. Circulam por aqui, diariamente &#8211; servidores, pacientes, familiares e visitantes &#8211; entre 6 e 7 mil pessoas. Nessa semana da enfermagem, \u00e9 muito importante, para n\u00f3s, discutir sobre um dos mais importantes segmentos do hospital, com palestras que v\u00eam acrescentar e ajudar a melhorar as pr\u00e1ticas do Hospital das For\u00e7as Armadas\u201d, destacou o general.<\/p>\n<p style=\"text-align: justify\">Paulo S\u00e9rgio tamb\u00e9m lembrou a dedica\u00e7\u00e3o integral da enfermagem ao paciente. \u201c\u00c9 o enfermeiro quem cuida do doente. M\u00e9dico \u00e9 muito mais t\u00e9cnico. Resolve sumariamente a consulta, a cirurgia, o procedimento e, depois, fica na m\u00e3o de voc\u00eas. Voc\u00eas, \u00e9 que v\u00e3o ajudar a curar esse paciente\u201d, disse.<\/p>\n<p style=\"text-align: justify\"><img loading=\"lazy\" decoding=\"async\" class=\" wp-image-1491 aligncenter\" src=\"http:\/\/www.sindenfermeiro.com.br\/wp-content\/uploads\/2017\/05\/MG_1214.jpg\" alt=\"_MG_1214\" width=\"500\" height=\"333\" \/><\/p>\n<p style=\"text-align: justify\">O diretor t\u00e9cnico de Sa\u00fade do hospital, brigadeiro e m\u00e9dico, Marcos Vieira Maia, destacou a relev\u00e2ncia do contingente de enfermagem, lembrando os mais de 700 funcion\u00e1rios da \u00e1rea que trabalham no hospital. \u201c\u00c9 um ex\u00e9rcito de excelentes profissionais. A enfermagem \u00e9 quem mais cuida e tem contato com o paciente. Da\u00ed a import\u00e2ncia de registramos esse ponto\u201d, lembrou.<\/p>\n<p style=\"text-align: justify\">Al\u00e9m do SindEnfemeiro, do comando e da diretoria do Hospital das For\u00e7as Armadas, participaram da Mesa de abertura da Semana da Enfermagem do HFA, o Conselho Regional de Enfermagem do Distrito Federal (Coren-DF) e o Sindicato dos Auxiliares e T\u00e9cnicos em Enfermagem (Sindate-DF).<\/p>\n<p style=\"text-align: justify\"><img loading=\"lazy\" decoding=\"async\" class=\" wp-image-1493 aligncenter\" src=\"http:\/\/www.sindenfermeiro.com.br\/wp-content\/uploads\/2017\/05\/MG_1221.jpg\" alt=\"_MG_1221\" width=\"500\" height=\"333\" \/><\/p>\n<p style=\"text-align: justify\"><img loading=\"lazy\" decoding=\"async\" class=\" wp-image-1496 aligncenter\" src=\"http:\/\/www.sindenfermeiro.com.br\/wp-content\/uploads\/2017\/05\/MG_1292.jpg\" alt=\"_MG_1292\" width=\"500\" height=\"333\" \/><\/p>\n<p style=\"text-align: justify\"><img loading=\"lazy\" decoding=\"async\" class=\" wp-image-1490 aligncenter\" src=\"http:\/\/www.sindenfermeiro.com.br\/wp-content\/uploads\/2017\/05\/MG_1208.jpg\" alt=\"_MG_1208\" width=\"500\" height=\"333\" \/><\/p>\n","protected":false},"excerpt":{"rendered":"<p>Na manh\u00e3 dessa quarta (17), o Sindicato dos Enfermeiros do Distrito Federal (SindEnfermeiro-DF) participou da abertura de evento, realizado pelo Hospital das For\u00e7as Armadas (HFA), em celebra\u00e7\u00e3o a Semana Brasileira de Enfermagem. Profissionais foram homenageados pelo comando do hospital, onde acontecem palestras e cursos voltados \u00e0 enfermagem at\u00e9 o pr\u00f3ximo dia 20. Dayse Amar\u00edlio, presidente [&hellip;]<\/p>\n","protected":false},"author":6,"featured_media":1496,"comment_status":"closed","ping_status":"closed","sticky":false,"template":"","format":"standard","meta":{"footnotes":""},"categories":[6,2],"tags":[],"class_list":["post-1488","post","type-post","status-publish","format-standard","has-post-thumbnail","hentry","category-noticias","category-teste"],"_links":{"self":[{"href":"https:\/\/sindenfermeiro.com.br\/index.php\/wp-json\/wp\/v2\/posts\/1488","targetHints":{"allow":["GET"]}}],"collection":[{"href":"https:\/\/sindenfermeiro.com.br\/index.php\/wp-json\/wp\/v2\/posts"}],"about":[{"href":"https:\/\/sindenfermeiro.com.br\/index.php\/wp-json\/wp\/v2\/types\/post"}],"author":[{"embeddable":true,"href":"https:\/\/sindenfermeiro.com.br\/index.php\/wp-json\/wp\/v2\/users\/6"}],"replies":[{"embeddable":true,"href":"https:\/\/sindenfermeiro.com.br\/index.php\/wp-json\/wp\/v2\/comments?post=1488"}],"version-history":[{"count":1,"href":"https:\/\/sindenfermeiro.com.br\/index.php\/wp-json\/wp\/v2\/posts\/1488\/revisions"}],"predecessor-version":[{"id":36818,"href":"https:\/\/sindenfermeiro.com.br\/index.php\/wp-json\/wp\/v2\/posts\/1488\/revisions\/36818"}],"wp:featuredmedia":[{"embeddable":true,"href":"https:\/\/sindenfermeiro.com.br\/index.php\/wp-json\/"}],"wp:attachment":[{"href":"https:\/\/sindenfermeiro.com.br\/index.php\/wp-json\/wp\/v2\/media?parent=1488"}],"wp:term":[{"taxonomy":"category","embeddable":true,"href":"https:\/\/sindenfermeiro.com.br\/index.php\/wp-json\/wp\/v2\/categories?post=1488"},{"taxonomy":"post_tag","embeddable":true,"href":"https:\/\/sindenfermeiro.com.br\/index.php\/wp-json\/wp\/v2\/tags?post=1488"}],"curies":[{"name":"wp","href":"https:\/\/api.w.org\/{rel}","templated":true}]}}