{"id":1439,"date":"2017-05-16T20:53:52","date_gmt":"2017-05-16T20:53:52","guid":{"rendered":"http:\/\/www.sindenfermeiro.com.br\/?p=1439"},"modified":"2026-04-29T11:58:05","modified_gmt":"2026-04-29T14:58:05","slug":"enfermeiros-recebem-homenagem-da-camara-legislativa","status":"publish","type":"post","link":"https:\/\/sindenfermeiro.com.br\/index.php\/2017\/05\/16\/enfermeiros-recebem-homenagem-da-camara-legislativa\/","title":{"rendered":"Enfermeiros recebem homenagem da C\u00e2mara Legislativa"},"content":{"rendered":"<p style=\"text-align: justify\"><em><strong>Protestos por melhores condi\u00e7\u00f5es de trabalho tamb\u00e9m marcaram solenidade<\/strong><\/em><\/p>\n<p style=\"text-align: justify\">Enfermeiros foram homenageados pela C\u00e2mara Legislativa do Distrito Federal (CLDF), nessa ter\u00e7a (16), em sess\u00e3o solene proposta pelo deputado Bispo Renato (PR). A solenidade aconteceu em fun\u00e7\u00e3o do Dia Mundial do Enfermeiro (celebrado em 12 de Maio, m\u00eas da enfermagem). As homenagens estenderam-se aos Auxiliares e T\u00e9cnicos em Enfermagem.<\/p>\n<p style=\"text-align: justify\">Profissionais receberam mo\u00e7\u00e3o de louvor pelos servi\u00e7os prestados \u00e0 popula\u00e7\u00e3o e \u00e0 Sa\u00fade do Distrito Federal. Mas a solenidade tamb\u00e9m foi pautada por protestos das categorias. Dayse Amar\u00edlio, presidente do Sindicato dos Enfermeiros do Distrito Federal (SindEnfermeiro-DF) lembrou que as homenagens tamb\u00e9m servem para que a enfermagem se mobilize em prol do devido reconhecimento. \u201cVamos fazer eles (autoridades) entenderem que n\u00f3s temos que ser valorizados\u201d, disse Dayse ao lembrar que profissionais da rede privada sujeitam-se a trabalhar por sal\u00e1rios irris\u00f3rios e que enfermeiros chegam a dormir no ch\u00e3o, para descansar durante a jornada, quando deveriam ter um local destinado ao descanso desses profissionais.<\/p>\n<p style=\"text-align: justify\"><img loading=\"lazy\" decoding=\"async\" class=\" wp-image-1450 aligncenter\" src=\"http:\/\/www.sindenfermeiro.com.br\/wp-content\/uploads\/2017\/05\/MG_1028.jpg\" alt=\"_MG_1028\" width=\"500\" height=\"333\" \/><\/p>\n<p style=\"text-align: justify\">A presidente do SindEnfermeiro mandou um recado \u00e0s autoridades, convocando os profissionais da Enfermagem a se unirem por melhores condi\u00e7\u00f5es de trabalho. \u201cConvido voc\u00eas a se revoltarem e a se unirem. Quando digo revolta, \u00e9 uma revolta positiva. N\u00e3o queremos s\u00f3 ser homenageadas. Queremos que a enfermagem tenha uma mudan\u00e7a. Temos que mudar nossa realidade. Vamos nos unir e mudar a Enfermagem. Vamos ser mais fortes, realmente, quando estivermos juntos e nos impusermos para ganharmos esse espa\u00e7o\u201d, completou.<\/p>\n<p style=\"text-align: justify\"><strong>Por uma enfermagem e uma sa\u00fade mais digna <\/strong><\/p>\n<p style=\"text-align: justify\">Os deputados Bispo Renato (PR), Celina Le\u00e3o, Raimundo Ribeiro (PPS) e Wasny de Roure (PT) lembraram as seguidas tentativas do atual Governo do Distrito Federal (GDF) de precarizar, sucatear e privatizar patrim\u00f4nios da sa\u00fade p\u00fablica do DF, atrav\u00e9s de projetos de lei \u2013 sugerindo o estabelecimento das Organiza\u00e7\u00f5es Sociais (OSs) e do Instituto Hospital de Base (IHBDF) \u2013 al\u00e9m do ataque constante, praticado pelo GDF, aos direitos dos trabalhadores (nos casos de projetos que abrem brecha para conflitos de interesse nas avalia\u00e7\u00f5es de desempenho e a retirada de gratifica\u00e7\u00f5es dos servidores).<\/p>\n<p style=\"text-align: justify\">\u201cO Governo falava em OS e conseguiu piorar o que era ruim. Conseguiram mudar um projeto, que na fala do secretario, \u00e9 um projeto h\u00edbrido, mas vai poder contratar sem concurso e comprar sem licita\u00e7\u00e3o. N\u00e3o h\u00e1 uma inova\u00e7\u00e3o. H\u00e1 sim um abuso de autoridade\u201d, disse a deputada Celina Le\u00e3o, referindo-se a proposta do Instituto Hospital de Base (PL 1.486\/17).<\/p>\n<p style=\"text-align: justify\"><img loading=\"lazy\" decoding=\"async\" class=\" wp-image-1446 aligncenter\" src=\"http:\/\/www.sindenfermeiro.com.br\/wp-content\/uploads\/2017\/05\/MG_0955.jpg\" alt=\"_MG_0955\" width=\"500\" height=\"333\" \/><\/p>\n<p style=\"text-align: justify\">Sobre o projeto da avalia\u00e7\u00e3o de desempenho (PLC 106\/17) &#8211; proposto pelo GDF &#8211; que acaba com a estabilidade do servidor p\u00fablico &#8211; permitindo a sua demiss\u00e3o ap\u00f3s duas avalia\u00e7\u00f5es negativas seguidas -, Celina sugeriu que os mesmos crit\u00e9rios sejam utilizados para a avalia\u00e7\u00e3o da popula\u00e7\u00e3o em rela\u00e7\u00e3o ao governador Rodrigo Rollemberg.<\/p>\n<p style=\"text-align: justify\">\u201cSe esse for o crit\u00e9rio, esse governador tem que ser desligado porque ele tem 15% de aceita\u00e7\u00e3o. Ele foi reprovado pela popula\u00e7\u00e3o do DF. O servidor tem que ser avaliado sim, e j\u00e1 s\u00e3o. Mas a forma tem que ser discutida nessa casa. E tem que ser aprofundada\u201d, disse a deputada, que completou mencionado os descontos realizados, pelo Executivo, nos sal\u00e1rios dos servidores que participaram das paralisa\u00e7\u00f5es no ano de 2016. \u201cEnfermeiros e t\u00e9cnicos tiveram os seus sal\u00e1rios cortados pela greve. T\u00eam horas-extras pra receber, mas tiveram os seus sal\u00e1rios retidos. Ou seja, o Governo, para cobrar, \u00e9 bom. Mas \u00e9 um p\u00e9ssimo pagador\u201d, afirmou Celina.<\/p>\n<p style=\"text-align: justify\"><em><strong>Confira a Galeria de Fotos da Solenidade de Homenagem aos profissionais da Enfermagem:<\/strong><\/em><\/p>\n<p><img loading=\"lazy\" decoding=\"async\" class=\" wp-image-1443 aligncenter\" src=\"http:\/\/www.sindenfermeiro.com.br\/wp-content\/uploads\/2017\/05\/MG_0928.jpg\" alt=\"_MG_0928\" width=\"500\" height=\"333\" \/> <img loading=\"lazy\" decoding=\"async\" class=\" wp-image-1444 aligncenter\" src=\"http:\/\/www.sindenfermeiro.com.br\/wp-content\/uploads\/2017\/05\/MG_0933.jpg\" alt=\"_MG_0933\" width=\"500\" height=\"333\" \/> <img loading=\"lazy\" decoding=\"async\" class=\" wp-image-1442 aligncenter\" src=\"http:\/\/www.sindenfermeiro.com.br\/wp-content\/uploads\/2017\/05\/MG_0926.jpg\" alt=\"_MG_0926\" width=\"500\" height=\"333\" \/> <img loading=\"lazy\" decoding=\"async\" class=\" wp-image-1441 aligncenter\" src=\"http:\/\/www.sindenfermeiro.com.br\/wp-content\/uploads\/2017\/05\/MG_0925.jpg\" alt=\"_MG_0925\" width=\"500\" height=\"333\" \/><\/p>\n<p><img loading=\"lazy\" decoding=\"async\" class=\" wp-image-1481 aligncenter\" src=\"http:\/\/www.sindenfermeiro.com.br\/wp-content\/uploads\/2017\/05\/MG_1198.jpg\" alt=\"_MG_1198\" width=\"500\" height=\"333\" \/> <img loading=\"lazy\" decoding=\"async\" class=\" wp-image-1480 aligncenter\" src=\"http:\/\/www.sindenfermeiro.com.br\/wp-content\/uploads\/2017\/05\/MG_1195.jpg\" alt=\"_MG_1195\" width=\"500\" height=\"333\" \/><\/p>\n<p><img loading=\"lazy\" decoding=\"async\" class=\" wp-image-1479 aligncenter\" src=\"http:\/\/www.sindenfermeiro.com.br\/wp-content\/uploads\/2017\/05\/MG_1193.jpg\" alt=\"_MG_1193\" width=\"500\" height=\"333\" \/> <img loading=\"lazy\" decoding=\"async\" class=\" wp-image-1477 aligncenter\" src=\"http:\/\/www.sindenfermeiro.com.br\/wp-content\/uploads\/2017\/05\/MG_1178.jpg\" alt=\"_MG_1178\" width=\"500\" height=\"333\" \/> <img loading=\"lazy\" decoding=\"async\" class=\" wp-image-1476 aligncenter\" src=\"http:\/\/www.sindenfermeiro.com.br\/wp-content\/uploads\/2017\/05\/MG_1175.jpg\" alt=\"_MG_1175\" width=\"500\" height=\"333\" \/> <img loading=\"lazy\" decoding=\"async\" class=\" wp-image-1475 aligncenter\" src=\"http:\/\/www.sindenfermeiro.com.br\/wp-content\/uploads\/2017\/05\/MG_1172.jpg\" alt=\"_MG_1172\" width=\"500\" height=\"333\" \/> <img loading=\"lazy\" decoding=\"async\" class=\" wp-image-1474 aligncenter\" src=\"http:\/\/www.sindenfermeiro.com.br\/wp-content\/uploads\/2017\/05\/MG_1168.jpg\" alt=\"_MG_1168\" width=\"500\" height=\"333\" \/> <img loading=\"lazy\" decoding=\"async\" class=\" wp-image-1473 aligncenter\" src=\"http:\/\/www.sindenfermeiro.com.br\/wp-content\/uploads\/2017\/05\/MG_1165.jpg\" alt=\"_MG_1165\" width=\"500\" height=\"333\" \/> <img loading=\"lazy\" decoding=\"async\" class=\" wp-image-1482 aligncenter\" src=\"http:\/\/www.sindenfermeiro.com.br\/wp-content\/uploads\/2017\/05\/MG_1199.jpg\" alt=\"_MG_1199\" width=\"500\" height=\"333\" \/> <img loading=\"lazy\" decoding=\"async\" class=\" wp-image-1472 aligncenter\" src=\"http:\/\/www.sindenfermeiro.com.br\/wp-content\/uploads\/2017\/05\/MG_1161.jpg\" alt=\"_MG_1161\" width=\"500\" height=\"333\" \/> <img loading=\"lazy\" decoding=\"async\" class=\" wp-image-1471 aligncenter\" src=\"http:\/\/www.sindenfermeiro.com.br\/wp-content\/uploads\/2017\/05\/MG_1160.jpg\" alt=\"_MG_1160\" width=\"500\" height=\"333\" \/> <img loading=\"lazy\" decoding=\"async\" class=\" wp-image-1470 aligncenter\" src=\"http:\/\/www.sindenfermeiro.com.br\/wp-content\/uploads\/2017\/05\/MG_1158.jpg\" alt=\"_MG_1158\" width=\"500\" height=\"333\" \/> <img loading=\"lazy\" decoding=\"async\" class=\" wp-image-1469 aligncenter\" src=\"http:\/\/www.sindenfermeiro.com.br\/wp-content\/uploads\/2017\/05\/MG_1156.jpg\" alt=\"_MG_1156\" width=\"500\" height=\"333\" \/> <img loading=\"lazy\" decoding=\"async\" class=\" wp-image-1468 aligncenter\" src=\"http:\/\/www.sindenfermeiro.com.br\/wp-content\/uploads\/2017\/05\/MG_1151.jpg\" alt=\"_MG_1151\" width=\"500\" height=\"333\" \/> <img loading=\"lazy\" decoding=\"async\" class=\" wp-image-1467 aligncenter\" src=\"http:\/\/www.sindenfermeiro.com.br\/wp-content\/uploads\/2017\/05\/MG_1149.jpg\" alt=\"_MG_1149\" width=\"500\" height=\"333\" \/> <img loading=\"lazy\" decoding=\"async\" class=\" wp-image-1466 aligncenter\" src=\"http:\/\/www.sindenfermeiro.com.br\/wp-content\/uploads\/2017\/05\/MG_1147.jpg\" alt=\"_MG_1147\" width=\"500\" height=\"333\" \/> <img loading=\"lazy\" decoding=\"async\" class=\" wp-image-1465 aligncenter\" src=\"http:\/\/www.sindenfermeiro.com.br\/wp-content\/uploads\/2017\/05\/MG_1145.jpg\" alt=\"_MG_1145\" width=\"500\" height=\"333\" \/> <img loading=\"lazy\" decoding=\"async\" class=\" wp-image-1464 aligncenter\" src=\"http:\/\/www.sindenfermeiro.com.br\/wp-content\/uploads\/2017\/05\/MG_1143.jpg\" alt=\"_MG_1143\" width=\"500\" height=\"333\" \/> <img loading=\"lazy\" decoding=\"async\" class=\" wp-image-1463 aligncenter\" src=\"http:\/\/www.sindenfermeiro.com.br\/wp-content\/uploads\/2017\/05\/MG_1141.jpg\" alt=\"_MG_1141\" width=\"500\" height=\"333\" \/><\/p>\n<p><img loading=\"lazy\" decoding=\"async\" class=\" wp-image-1461 aligncenter\" src=\"http:\/\/www.sindenfermeiro.com.br\/wp-content\/uploads\/2017\/05\/MG_1135.jpg\" alt=\"_MG_1135\" width=\"500\" height=\"333\" \/> <img loading=\"lazy\" decoding=\"async\" class=\" wp-image-1462 aligncenter\" src=\"http:\/\/www.sindenfermeiro.com.br\/wp-content\/uploads\/2017\/05\/MG_1139.jpg\" alt=\"_MG_1139\" width=\"500\" height=\"333\" \/> <img loading=\"lazy\" decoding=\"async\" class=\" wp-image-1460 aligncenter\" src=\"http:\/\/www.sindenfermeiro.com.br\/wp-content\/uploads\/2017\/05\/MG_1124.jpg\" alt=\"_MG_1124\" width=\"500\" height=\"333\" \/> <img loading=\"lazy\" decoding=\"async\" class=\" wp-image-1459 aligncenter\" src=\"http:\/\/www.sindenfermeiro.com.br\/wp-content\/uploads\/2017\/05\/MG_1120.jpg\" alt=\"_MG_1120\" width=\"500\" height=\"333\" \/> <img loading=\"lazy\" decoding=\"async\" class=\" wp-image-1458 aligncenter\" src=\"http:\/\/www.sindenfermeiro.com.br\/wp-content\/uploads\/2017\/05\/MG_1116.jpg\" alt=\"_MG_1116\" width=\"500\" height=\"333\" \/> <img loading=\"lazy\" decoding=\"async\" class=\" wp-image-1457 aligncenter\" src=\"http:\/\/www.sindenfermeiro.com.br\/wp-content\/uploads\/2017\/05\/MG_1109.jpg\" alt=\"_MG_1109\" width=\"500\" height=\"333\" \/> <img loading=\"lazy\" decoding=\"async\" class=\" wp-image-1456 aligncenter\" src=\"http:\/\/www.sindenfermeiro.com.br\/wp-content\/uploads\/2017\/05\/MG_1099.jpg\" alt=\"_MG_1099\" width=\"500\" height=\"333\" \/> <img loading=\"lazy\" decoding=\"async\" class=\" wp-image-1455 aligncenter\" src=\"http:\/\/www.sindenfermeiro.com.br\/wp-content\/uploads\/2017\/05\/MG_1097.jpg\" alt=\"_MG_1097\" width=\"500\" height=\"333\" \/> <img loading=\"lazy\" decoding=\"async\" class=\" wp-image-1454 aligncenter\" src=\"http:\/\/www.sindenfermeiro.com.br\/wp-content\/uploads\/2017\/05\/MG_1096.jpg\" alt=\"_MG_1096\" width=\"500\" height=\"333\" \/> <img loading=\"lazy\" decoding=\"async\" class=\" wp-image-1453 aligncenter\" src=\"http:\/\/www.sindenfermeiro.com.br\/wp-content\/uploads\/2017\/05\/MG_1087.jpg\" alt=\"_MG_1087\" width=\"500\" height=\"333\" \/> <img loading=\"lazy\" decoding=\"async\" class=\" wp-image-1452 aligncenter\" src=\"http:\/\/www.sindenfermeiro.com.br\/wp-content\/uploads\/2017\/05\/MG_1077.jpg\" alt=\"_MG_1077\" width=\"500\" height=\"333\" \/> <img loading=\"lazy\" decoding=\"async\" class=\" wp-image-1451 aligncenter\" src=\"http:\/\/www.sindenfermeiro.com.br\/wp-content\/uploads\/2017\/05\/MG_1067.jpg\" alt=\"_MG_1067\" width=\"500\" height=\"333\" \/> <img loading=\"lazy\" decoding=\"async\" class=\" wp-image-1449 aligncenter\" src=\"http:\/\/www.sindenfermeiro.com.br\/wp-content\/uploads\/2017\/05\/MG_1013.jpg\" alt=\"_MG_1013\" width=\"500\" height=\"333\" \/> <img loading=\"lazy\" decoding=\"async\" class=\" wp-image-1448 aligncenter\" src=\"http:\/\/www.sindenfermeiro.com.br\/wp-content\/uploads\/2017\/05\/MG_1006.jpg\" alt=\"_MG_1006\" width=\"500\" height=\"333\" \/> <img loading=\"lazy\" decoding=\"async\" class=\" wp-image-1447 aligncenter\" src=\"http:\/\/www.sindenfermeiro.com.br\/wp-content\/uploads\/2017\/05\/MG_0983.jpg\" alt=\"_MG_0983\" width=\"500\" height=\"333\" \/> <img loading=\"lazy\" decoding=\"async\" class=\" wp-image-1445 aligncenter\" src=\"http:\/\/www.sindenfermeiro.com.br\/wp-content\/uploads\/2017\/05\/MG_0938.jpg\" alt=\"_MG_0938\" width=\"500\" height=\"333\" \/><\/p>\n","protected":false},"excerpt":{"rendered":"<p>Protestos por melhores condi\u00e7\u00f5es de trabalho tamb\u00e9m marcaram solenidade Enfermeiros foram homenageados pela C\u00e2mara Legislativa do Distrito Federal (CLDF), nessa ter\u00e7a (16), em sess\u00e3o solene proposta pelo deputado Bispo Renato (PR). A solenidade aconteceu em fun\u00e7\u00e3o do Dia Mundial do Enfermeiro (celebrado em 12 de Maio, m\u00eas da enfermagem). As homenagens estenderam-se aos Auxiliares e [&hellip;]<\/p>\n","protected":false},"author":6,"featured_media":1444,"comment_status":"closed","ping_status":"closed","sticky":false,"template":"","format":"standard","meta":{"footnotes":""},"categories":[6,2],"tags":[],"class_list":["post-1439","post","type-post","status-publish","format-standard","has-post-thumbnail","hentry","category-noticias","category-teste"],"_links":{"self":[{"href":"https:\/\/sindenfermeiro.com.br\/index.php\/wp-json\/wp\/v2\/posts\/1439","targetHints":{"allow":["GET"]}}],"collection":[{"href":"https:\/\/sindenfermeiro.com.br\/index.php\/wp-json\/wp\/v2\/posts"}],"about":[{"href":"https:\/\/sindenfermeiro.com.br\/index.php\/wp-json\/wp\/v2\/types\/post"}],"author":[{"embeddable":true,"href":"https:\/\/sindenfermeiro.com.br\/index.php\/wp-json\/wp\/v2\/users\/6"}],"replies":[{"embeddable":true,"href":"https:\/\/sindenfermeiro.com.br\/index.php\/wp-json\/wp\/v2\/comments?post=1439"}],"version-history":[{"count":1,"href":"https:\/\/sindenfermeiro.com.br\/index.php\/wp-json\/wp\/v2\/posts\/1439\/revisions"}],"predecessor-version":[{"id":37155,"href":"https:\/\/sindenfermeiro.com.br\/index.php\/wp-json\/wp\/v2\/posts\/1439\/revisions\/37155"}],"wp:featuredmedia":[{"embeddable":true,"href":"https:\/\/sindenfermeiro.com.br\/index.php\/wp-json\/"}],"wp:attachment":[{"href":"https:\/\/sindenfermeiro.com.br\/index.php\/wp-json\/wp\/v2\/media?parent=1439"}],"wp:term":[{"taxonomy":"category","embeddable":true,"href":"https:\/\/sindenfermeiro.com.br\/index.php\/wp-json\/wp\/v2\/categories?post=1439"},{"taxonomy":"post_tag","embeddable":true,"href":"https:\/\/sindenfermeiro.com.br\/index.php\/wp-json\/wp\/v2\/tags?post=1439"}],"curies":[{"name":"wp","href":"https:\/\/api.w.org\/{rel}","templated":true}]}}