{"id":1435,"date":"2017-05-15T19:28:58","date_gmt":"2017-05-15T19:28:58","guid":{"rendered":"http:\/\/www.sindenfermeiro.com.br\/?p=1435"},"modified":"2026-04-29T11:57:08","modified_gmt":"2026-04-29T14:57:08","slug":"comunicado-desconto-por-paralisacao","status":"publish","type":"post","link":"https:\/\/sindenfermeiro.com.br\/index.php\/2017\/05\/15\/comunicado-desconto-por-paralisacao\/","title":{"rendered":"[Comunicado] Descontos em virtude das paralisa\u00e7\u00f5es de 2016"},"content":{"rendered":"<p style=\"text-align: justify\">Enfermeiras e Enfermeiros do Distrito Federal,<\/p>\n<p style=\"text-align: justify\">O SindEnfermeiro informa que mover\u00e1 a\u00e7\u00f5es individuais para que n\u00e3o haja desconto nos sal\u00e1rios de servidores que participaram das paralisa\u00e7\u00f5es dos dias 7, 17, 26 de outubro, 3 e 10 de novembro de 2016. O objetivo \u00e9 requerer a revers\u00e3o dos descontos, nos casos em que a Secretaria de Sa\u00fade (SES-DF) alega faltas injustificadas por parte dos servidores.<\/p>\n<p style=\"text-align: justify\">O SindEnfermeiro constatou que a SES deduz valores, referentes a um mesmo dia de paralisa\u00e7\u00e3o, por mais de uma vez dos sal\u00e1rios de servidores, al\u00e9m de descontar abono e licen\u00e7a-pr\u00eamio. A secretaria ainda realiza desconto mesmo diante da apresenta\u00e7\u00e3o de atestado de comparecimento e tamb\u00e9m deduz valores di\u00e1rios integrais, quando determinados servidores trabalharam o correspondente a meio per\u00edodo. O sindicato tamb\u00e9m constatou que servidores que compensaram horas tiveram descontos em seus sal\u00e1rios. Diante disto, o SindEnfermeiro busca descaracterizar o argumento da Secretaria de Sa\u00fade (SES-DF) de que aconteceram faltas injustificadas e, por isso, os descontos seriam procedentes.<\/p>\n<p style=\"text-align: justify\">No entanto, o sindicato destaca que as perdas do abono ou da licen\u00e7a-pr\u00eamio s\u00f3 ser\u00e3o consideradas (para que possamos buscar a revers\u00e3o dos descontos) quando j\u00e1 houver solicita\u00e7\u00e3o de revis\u00e3o da dedu\u00e7\u00e3o junto \u00e0 Secretaria de Sa\u00fade do Distrito Federal e a consequente negativa do \u00f3rg\u00e3o.<\/p>\n<p style=\"text-align: justify\"><strong>A\u00e7\u00e3o Coletiva<\/strong><\/p>\n<p style=\"text-align: justify\">O Sindicato dos Enfermeiros do Distrito Federal j\u00e1 move A\u00e7\u00e3o Coletiva (n\u00ba\u00a02016.01.1.125788-9) &#8211; em tr\u00e2mite no Tribunal de Justi\u00e7a, na 2\u00aa Vara de Fazenda P\u00fablica do Distrito Federal &#8211; para que n\u00e3o haja desconto nos sal\u00e1rios de servidores que participaram das paralisa\u00e7\u00f5es.<\/p>\n<p style=\"text-align: justify\">Encaminhamos &#8211; atrav\u00e9s de nosso Departamento Jur\u00eddico &#8211; of\u00edcios \u00e0 Subsecretaria de Gest\u00e3o de Pessoas (SUGEP) e \u00e0 Diretoria de Pessoal e Enfermagem (DIENF), solicitando a solu\u00e7\u00e3o administrativa referente ao c\u00f3digo de lan\u00e7amento. No entendimento do sindicato, a situa\u00e7\u00e3o n\u00e3o trata de uma greve ilegal, mas sim de paralisa\u00e7\u00e3o.<\/p>\n<p style=\"text-align: justify\">O sindicato reitera que aqueles que estiverem amparados pela a\u00e7\u00e3o coletiva, n\u00e3o precisam ajuizar solicitar o ingresso de a\u00e7\u00e3o individual.<\/p>\n<p style=\"text-align: justify\"><strong>Orienta\u00e7\u00f5es sobre A\u00e7\u00f5es Individuais<\/strong><\/p>\n<p style=\"text-align: justify\">O SindEnfermeiro orienta que, todos aqueles que se enquadram nos casos interpretados pela Secretaria de Sa\u00fade como de falta injustificada, entrem em contato atrav\u00e9s do telefone\u00a0(61) 3273-0307 e agende atendimento junto ao nosso Departamento Jur\u00eddico. Os atendimentos acontecem nas ter\u00e7as-feiras (das 9h \u00e0s 12h) e nas quintas-feiras (das 13h \u00e0s 17h), na sede do SindEnfermeiro.<\/p>\n<p style=\"text-align: justify\">O enfermeiros que solicitarem o atendimento devem comparecer ao sindicato com os seguintes documentos: C\u00f3pia da identidade e CPF; C\u00f3pias dos contracheques em que computaram os descontos; Folhas de pontos; Comprovante de resid\u00eancia e Requerimento de abono ou licen\u00e7a-pr\u00eamio com negativa.<\/p>\n","protected":false},"excerpt":{"rendered":"<p>Enfermeiras e Enfermeiros do Distrito Federal, O SindEnfermeiro informa que mover\u00e1 a\u00e7\u00f5es individuais para que n\u00e3o haja desconto nos sal\u00e1rios de servidores que participaram das paralisa\u00e7\u00f5es dos dias 7, 17, 26 de outubro, 3 e 10 de novembro de 2016. O objetivo \u00e9 requerer a revers\u00e3o dos descontos, nos casos em que a Secretaria de [&hellip;]<\/p>\n","protected":false},"author":6,"featured_media":1253,"comment_status":"closed","ping_status":"closed","sticky":false,"template":"","format":"standard","meta":{"footnotes":""},"categories":[6,2],"tags":[],"class_list":["post-1435","post","type-post","status-publish","format-standard","has-post-thumbnail","hentry","category-noticias","category-teste"],"_links":{"self":[{"href":"https:\/\/sindenfermeiro.com.br\/index.php\/wp-json\/wp\/v2\/posts\/1435","targetHints":{"allow":["GET"]}}],"collection":[{"href":"https:\/\/sindenfermeiro.com.br\/index.php\/wp-json\/wp\/v2\/posts"}],"about":[{"href":"https:\/\/sindenfermeiro.com.br\/index.php\/wp-json\/wp\/v2\/types\/post"}],"author":[{"embeddable":true,"href":"https:\/\/sindenfermeiro.com.br\/index.php\/wp-json\/wp\/v2\/users\/6"}],"replies":[{"embeddable":true,"href":"https:\/\/sindenfermeiro.com.br\/index.php\/wp-json\/wp\/v2\/comments?post=1435"}],"version-history":[{"count":1,"href":"https:\/\/sindenfermeiro.com.br\/index.php\/wp-json\/wp\/v2\/posts\/1435\/revisions"}],"predecessor-version":[{"id":37397,"href":"https:\/\/sindenfermeiro.com.br\/index.php\/wp-json\/wp\/v2\/posts\/1435\/revisions\/37397"}],"wp:featuredmedia":[{"embeddable":true,"href":"https:\/\/sindenfermeiro.com.br\/index.php\/wp-json\/"}],"wp:attachment":[{"href":"https:\/\/sindenfermeiro.com.br\/index.php\/wp-json\/wp\/v2\/media?parent=1435"}],"wp:term":[{"taxonomy":"category","embeddable":true,"href":"https:\/\/sindenfermeiro.com.br\/index.php\/wp-json\/wp\/v2\/categories?post=1435"},{"taxonomy":"post_tag","embeddable":true,"href":"https:\/\/sindenfermeiro.com.br\/index.php\/wp-json\/wp\/v2\/tags?post=1435"}],"curies":[{"name":"wp","href":"https:\/\/api.w.org\/{rel}","templated":true}]}}