{"id":1432,"date":"2017-05-12T20:45:10","date_gmt":"2017-05-12T20:45:10","guid":{"rendered":"http:\/\/www.sindenfermeiro.com.br\/?p=1432"},"modified":"2026-04-29T11:58:05","modified_gmt":"2026-04-29T14:58:05","slug":"78a-semana-brasileira-de-enfermagem-e-aberta-oficialmente-no-df","status":"publish","type":"post","link":"https:\/\/sindenfermeiro.com.br\/index.php\/2017\/05\/12\/78a-semana-brasileira-de-enfermagem-e-aberta-oficialmente-no-df\/","title":{"rendered":"78\u00aa Semana Brasileira de Enfermagem \u00e9 aberta oficialmente no DF"},"content":{"rendered":"<p style=\"text-align: justify\">Nessa sexta (12), data em que celebra-se o Dia Internacional do Enfermeiro, entidades representantes da enfermagem realizaram a abertura oficial da Semana Brasileira de Enfermagem, no Distrito Federal (DF). O evento, que contou com a participa\u00e7\u00e3o do Sindicato dos Enfermeiros do Distrito Federal (SindEnfermeiro-DF) aconteceu na sede da Associa\u00e7\u00e3o Brasileira de Enfermagem (ABEn-DF).<\/p>\n<p style=\"text-align: justify\">Dayse Amar\u00edlio, presidente do SindEnfermeiro, destacou pesquisa, realizada em 2014 \u2013 pela empresa internacional de recursos humanos, Pay Slade \u2013 que aponta o enfermeiro com o profissional com a maior capacidade de transforma\u00e7\u00e3o social. \u201cO enfermeiro \u00e9 um profissional que educa para mudar e se envolve, profundamente, com seu paciente e com as quest\u00e3o de promo\u00e7\u00e3o da sa\u00fade. Quando treinamos orientamos e aconselhamos a popula\u00e7\u00e3o de pr\u00e1ticas para preven\u00e7\u00e3o contra dengue e DST (Doen\u00e7a Sexualmente Transmiss\u00edvel), por exemplo, mudamos as pr\u00e1ticas e trabalhamos a vulnerabilidade. Isso \u00e9 modificar o contexto e a sa\u00fade de onde estamos inseridos\u201d.<\/p>\n<p style=\"text-align: justify\"><img loading=\"lazy\" decoding=\"async\" class=\" wp-image-1433 aligncenter\" src=\"http:\/\/www.sindenfermeiro.com.br\/wp-content\/uploads\/2017\/05\/MG_0790.jpg\" alt=\"_MG_0790\" width=\"500\" height=\"333\" \/><\/p>\n<p style=\"text-align: justify\">Dayse tamb\u00e9m chamou a aten\u00e7\u00e3o para as causas pol\u00edticas como a Reforma Trabalhista, proposta pelo Governo Federal, em que direitos dos trabalhadores est\u00e3o amea\u00e7ados. A presidente destacou que o sindicato dos enfermeiros busca resgatar o sindicalismo social, trabalhando para que, atrav\u00e9s da forma\u00e7\u00e3o e do engajamento da categoria, as mudan\u00e7as positivas aconte\u00e7am na sociedade.<\/p>\n<p style=\"text-align: justify\">Com o in\u00edcio marcado pela homenagem \u00e0 pioneira da enfermagem, Florence Nightingale, a solenidade de abertura da 78\u00aa\u00a0Semana Brasileira de Enfermagem contou ainda com o lan\u00e7amento do livro de cordel \u201cSai pra l\u00e1 com essa OS. On\u00e3 recitou poesias de sua autoria, acompanhada do diretor do SindEnfermeiro e violeiro, Tarc\u00edsio Faria. Houve tamb\u00e9m, palestra da conferencista e enfermeira sanitarista, Arindelita Arruda Neves, al\u00e9m do lan\u00e7amento do concurso fotogr\u00e1fico \u201cBoas pr\u00e1ticas de enfermagem e a constru\u00e7\u00e3o de uma sociedade democr\u00e1tica\u201d.<\/p>\n<p style=\"text-align: justify\">Al\u00e9m do SindEnfermeiro, a Mesa de abertura contou tamb\u00e9m, com representantes da Associa\u00e7\u00e3o Brasileira e do Conselho Regional de Enfermagem, da Secretaria de Sa\u00fade e do Sindicato dos Auxiliares e T\u00e9cnicos em Enfermagem, al\u00e9m de representante da faculdade de enfermagem, Unyleya.<\/p>\n<p style=\"text-align: justify\">\n","protected":false},"excerpt":{"rendered":"<p>Nessa sexta (12), data em que celebra-se o Dia Internacional do Enfermeiro, entidades representantes da enfermagem realizaram a abertura oficial da Semana Brasileira de Enfermagem, no Distrito Federal (DF). O evento, que contou com a participa\u00e7\u00e3o do Sindicato dos Enfermeiros do Distrito Federal (SindEnfermeiro-DF) aconteceu na sede da Associa\u00e7\u00e3o Brasileira de Enfermagem (ABEn-DF). Dayse Amar\u00edlio, [&hellip;]<\/p>\n","protected":false},"author":6,"featured_media":1433,"comment_status":"closed","ping_status":"closed","sticky":false,"template":"","format":"standard","meta":{"footnotes":""},"categories":[6,2],"tags":[],"class_list":["post-1432","post","type-post","status-publish","format-standard","has-post-thumbnail","hentry","category-noticias","category-teste"],"_links":{"self":[{"href":"https:\/\/sindenfermeiro.com.br\/index.php\/wp-json\/wp\/v2\/posts\/1432","targetHints":{"allow":["GET"]}}],"collection":[{"href":"https:\/\/sindenfermeiro.com.br\/index.php\/wp-json\/wp\/v2\/posts"}],"about":[{"href":"https:\/\/sindenfermeiro.com.br\/index.php\/wp-json\/wp\/v2\/types\/post"}],"author":[{"embeddable":true,"href":"https:\/\/sindenfermeiro.com.br\/index.php\/wp-json\/wp\/v2\/users\/6"}],"replies":[{"embeddable":true,"href":"https:\/\/sindenfermeiro.com.br\/index.php\/wp-json\/wp\/v2\/comments?post=1432"}],"version-history":[{"count":1,"href":"https:\/\/sindenfermeiro.com.br\/index.php\/wp-json\/wp\/v2\/posts\/1432\/revisions"}],"predecessor-version":[{"id":37159,"href":"https:\/\/sindenfermeiro.com.br\/index.php\/wp-json\/wp\/v2\/posts\/1432\/revisions\/37159"}],"wp:featuredmedia":[{"embeddable":true,"href":"https:\/\/sindenfermeiro.com.br\/index.php\/wp-json\/"}],"wp:attachment":[{"href":"https:\/\/sindenfermeiro.com.br\/index.php\/wp-json\/wp\/v2\/media?parent=1432"}],"wp:term":[{"taxonomy":"category","embeddable":true,"href":"https:\/\/sindenfermeiro.com.br\/index.php\/wp-json\/wp\/v2\/categories?post=1432"},{"taxonomy":"post_tag","embeddable":true,"href":"https:\/\/sindenfermeiro.com.br\/index.php\/wp-json\/wp\/v2\/tags?post=1432"}],"curies":[{"name":"wp","href":"https:\/\/api.w.org\/{rel}","templated":true}]}}