{"id":1425,"date":"2017-05-12T17:47:26","date_gmt":"2017-05-12T17:47:26","guid":{"rendered":"http:\/\/www.sindenfermeiro.com.br\/?p=1425"},"modified":"2026-04-29T11:58:59","modified_gmt":"2026-04-29T14:58:59","slug":"sindenfermeiro-participa-de-homenagem-a-enfermeiros-do-hrsm","status":"publish","type":"post","link":"https:\/\/sindenfermeiro.com.br\/index.php\/2017\/05\/12\/sindenfermeiro-participa-de-homenagem-a-enfermeiros-do-hrsm\/","title":{"rendered":"SindEnfermeiro participa de homenagem a enfermeiros do HRSM"},"content":{"rendered":"<p style=\"text-align: justify\">Em meios \u00e0s homenagens pelo Dia do Enfermeiro, celebrado nessa sexta (12), o Sindicato dos Enfermeiros do Distrito Federal (SindEnfermeiro-DF) participou, na manh\u00e3 de hoje, de evento no Hospital Regional de Santa Maria para homenagear os profissionais de enfermagem do hospital. As comemora\u00e7\u00f5es se d\u00e3o tamb\u00e9m, em fun\u00e7\u00e3o da 78\u00aa\u00a0Semana Brasileira de Enfermagem.<\/p>\n<p style=\"text-align: justify\">Tarc\u00edsio Faria, diretor do SindEnfermeiro destacou o fato do enfermeiro exercer uma fun\u00e7\u00e3o complexa diante do paciente, observando o contexto em que a pessoa est\u00e1 inserida. A gente estuda e trabalha para que a enfermagem tenha um olhar hol\u00edstico para o paciente. De modo que enxergue esse paciente n\u00e3o como uma doen\u00e7a, mas como um ser que necessita de cuidado\u201d, disse.<\/p>\n<p style=\"text-align: justify\">O diretor do SindEnfermeiro chamou a aten\u00e7\u00e3o tamb\u00e9m para a ci\u00eancia e a t\u00e9cnica exigidas pela profiss\u00e3o. Tarc\u00edsio combateu a vis\u00e3o superficial em rela\u00e7\u00e3o \u00e0 assist\u00eancia que o enfermeiro presta. \u201cEu n\u00e3o sou um anjo. O enfermeiro \u00e9 um profissional\u201d, disse Tarc\u00edsio.<\/p>\n<p style=\"text-align: justify\">Tarc\u00edsio lembrou o tema da Semana Brasileira de Enfermagem (Boas pr\u00e1ticas de enfermagem e a constru\u00e7\u00e3o de uma sociedade democr\u00e1tica), quando destacou que o enfermeiro tem a capacidade de modificar para o bem, as vidas de fam\u00edlias inteiras, atrav\u00e9s das orienta\u00e7\u00f5es prestadas. \u201cQuando o enfermeiro entra na casa de uma fam\u00edlia e orienta sobre mudan\u00e7a de h\u00e1bitos alimentares e de atividades f\u00edsicas, modifica a vida daquela fam\u00edlia de modo a prevenir doen\u00e7as e agravos de sa\u00fade. Isso \u00e9 promo\u00e7\u00e3o de sa\u00fade\u201d, disse.<\/p>\n<p style=\"text-align: justify\"><img loading=\"lazy\" decoding=\"async\" class=\" wp-image-1427 aligncenter\" src=\"http:\/\/www.sindenfermeiro.com.br\/wp-content\/uploads\/2017\/05\/MG_0640.jpg\" alt=\"_MG_0640\" width=\"500\" height=\"333\" \/><\/p>\n<p style=\"text-align: justify\"><strong>Homenagem aos profissionais do HRSM<\/strong><\/p>\n<p style=\"text-align: justify\">Profissionais de enfermagem do Hospital Regional de Santa Maria (HRSM) elegeram colegas como destaques no exerc\u00edcio da profiss\u00e3o (confira, em breve, a galeria de fotos).<\/p>\n<p style=\"text-align: justify\">O diretor do SindEnfermeiro, Tarc\u00edsio Faria levou as homenagens do sindicato aos profissionais do HRSM e lembrou, com carinho, o fato de fazer parte do quadro do hospital. \u201dO Sindicato dos Enfermeiros vem parabenizar todos os profissionais de enfermagem que fazem a sa\u00fade ser melhor. O Hospital de Santa Maria \u00e9 um hospital em que trabalho desde quando foi aberto. Sei da qualidade da equipe de enfermagem daqui. Trabalhei em outros locais e sei que aqui t\u00eam enfermeiros e t\u00e9cnicos muito competentes, que fazem da sa\u00fade da popula\u00e7\u00e3o, melhor.<\/p>\n<p style=\"text-align: justify\">Por fim, Tarc\u00edsio fez um convite aos enfermeiros para que juntem-se \u00e0 luta por uma enfermagem cada vez mais forte. \u201cParticipem das a\u00e7\u00f5es que promovemos. Pra que a gente possa se fortalecer mais ainda\u201d, disse.<\/p>\n<p style=\"text-align: justify\">Bolsas de estudos votadas para enfermagem tamb\u00e9m foram sorteadas durante o evento.<\/p>\n<p style=\"text-align: justify\"><img loading=\"lazy\" decoding=\"async\" class=\" wp-image-1429 aligncenter\" src=\"http:\/\/www.sindenfermeiro.com.br\/wp-content\/uploads\/2017\/05\/MG_0661.jpg\" alt=\"_MG_0661\" width=\"500\" height=\"333\" \/> <img loading=\"lazy\" decoding=\"async\" class=\" wp-image-1428 aligncenter\" src=\"http:\/\/www.sindenfermeiro.com.br\/wp-content\/uploads\/2017\/05\/MG_0647.jpg\" alt=\"_MG_0647\" width=\"500\" height=\"333\" \/><\/p>\n<p style=\"text-align: justify\"><img loading=\"lazy\" decoding=\"async\" class=\" wp-image-1430 aligncenter\" src=\"http:\/\/www.sindenfermeiro.com.br\/wp-content\/uploads\/2017\/05\/MG_0695.jpg\" alt=\"_MG_0695\" width=\"500\" height=\"333\" \/><\/p>\n","protected":false},"excerpt":{"rendered":"<p>Em meios \u00e0s homenagens pelo Dia do Enfermeiro, celebrado nessa sexta (12), o Sindicato dos Enfermeiros do Distrito Federal (SindEnfermeiro-DF) participou, na manh\u00e3 de hoje, de evento no Hospital Regional de Santa Maria para homenagear os profissionais de enfermagem do hospital. As comemora\u00e7\u00f5es se d\u00e3o tamb\u00e9m, em fun\u00e7\u00e3o da 78\u00aa\u00a0Semana Brasileira de Enfermagem. Tarc\u00edsio Faria, [&hellip;]<\/p>\n","protected":false},"author":6,"featured_media":1428,"comment_status":"closed","ping_status":"closed","sticky":false,"template":"","format":"standard","meta":{"footnotes":""},"categories":[6,2],"tags":[],"class_list":["post-1425","post","type-post","status-publish","format-standard","has-post-thumbnail","hentry","category-noticias","category-teste"],"_links":{"self":[{"href":"https:\/\/sindenfermeiro.com.br\/index.php\/wp-json\/wp\/v2\/posts\/1425","targetHints":{"allow":["GET"]}}],"collection":[{"href":"https:\/\/sindenfermeiro.com.br\/index.php\/wp-json\/wp\/v2\/posts"}],"about":[{"href":"https:\/\/sindenfermeiro.com.br\/index.php\/wp-json\/wp\/v2\/types\/post"}],"author":[{"embeddable":true,"href":"https:\/\/sindenfermeiro.com.br\/index.php\/wp-json\/wp\/v2\/users\/6"}],"replies":[{"embeddable":true,"href":"https:\/\/sindenfermeiro.com.br\/index.php\/wp-json\/wp\/v2\/comments?post=1425"}],"version-history":[{"count":1,"href":"https:\/\/sindenfermeiro.com.br\/index.php\/wp-json\/wp\/v2\/posts\/1425\/revisions"}],"predecessor-version":[{"id":9305,"href":"https:\/\/sindenfermeiro.com.br\/index.php\/wp-json\/wp\/v2\/posts\/1425\/revisions\/9305"}],"wp:featuredmedia":[{"embeddable":true,"href":"https:\/\/sindenfermeiro.com.br\/index.php\/wp-json\/"}],"wp:attachment":[{"href":"https:\/\/sindenfermeiro.com.br\/index.php\/wp-json\/wp\/v2\/media?parent=1425"}],"wp:term":[{"taxonomy":"category","embeddable":true,"href":"https:\/\/sindenfermeiro.com.br\/index.php\/wp-json\/wp\/v2\/categories?post=1425"},{"taxonomy":"post_tag","embeddable":true,"href":"https:\/\/sindenfermeiro.com.br\/index.php\/wp-json\/wp\/v2\/tags?post=1425"}],"curies":[{"name":"wp","href":"https:\/\/api.w.org\/{rel}","templated":true}]}}